{"id":144625,"date":"2019-07-28T06:00:21","date_gmt":"2019-07-28T09:00:21","guid":{"rendered":"https:\/\/diarioregionaldigital.com.br\/?p=144625"},"modified":"2019-07-25T15:09:29","modified_gmt":"2019-07-25T18:09:29","slug":"cni-reduz-previsao-de-crescimento-da-economia","status":"publish","type":"post","link":"https:\/\/diarioregionaldigital.com.br\/?p=144625","title":{"rendered":"CNI reduz previs\u00e3o de crescimento da economia"},"content":{"rendered":"<p>A Confedera\u00e7\u00e3o Nacional da Ind\u00fastria (CNI) reduziu pela metade sua previs\u00e3o de crescimento do Produto Interno Bruto (PIB) para este ano. Um dos principais indicadores do potencial da economia nacional, o PIB \u00e9 a soma de todas as riquezas produzidas por um pa\u00eds, em um determinado per\u00edodo, seja na forma de bens, produtos ou servi\u00e7os.<\/p>\n<p>No\u00a0<a href=\"https:\/\/bucket-gw-cni-static-cms-si.s3.amazonaws.com\/media\/filer_public\/7f\/5e\/7f5e0e81-9702-4421-b763-2f006170f88c\/informe_conjuntural_abril-junho_2019.pdf\" target=\"_blank\" rel=\"noopener\">Informe Conjuntural<\/a>\u00a0relativo ao segundo trimestre do ano, divulgado na quinta-feira (25), os economistas da CNI sugerem que, \u201cem um cen\u00e1rio sem mudan\u00e7as mais substantivas na pol\u00edtica econ\u00f4mica\u201d, a economia brasileira crescer\u00e1 0,9%.<\/p>\n<p>Em abril, considerando os principais indicadores do primeiro trimestre, a CNI previa que a atividade econ\u00f4mica aumentaria 2% em 2019.<\/p>\n<p>A entidade tamb\u00e9m revisou para baixo sua estimativa de crescimento da atividade industrial. Ao inv\u00e9s do 1,1% previsto no primeiro trimestre, a situa\u00e7\u00e3o constatada no segundo trimestre sugere que o PIB industrial n\u00e3o deve se expandir al\u00e9m de 0,4%. Al\u00e9m disso, a ind\u00fastria reduziu de 2,2% para 1,5% a previs\u00e3o de crescimento do consumo das fam\u00edlias e de 4,9% para 2,1% a estimativa para a expans\u00e3o do investimento.<\/p>\n<p>Em fun\u00e7\u00e3o do que classifica como \u201co marasmo que dominou a economia\u201d ao longo de todo o primeiro semestre, a confedera\u00e7\u00e3o estima que\u00a0a taxa de desemprego continuar\u00e1 elevada, atingindo a 12,1% da for\u00e7a de trabalho. A taxa de desemprego, medida pela PNAD-Cont\u00ednua Mensal do IBGE, recuou de 12,5% da for\u00e7a de trabalho para 12,3%, na passagem de abril para maio. Apesar dessa ter sido a segunda queda consecutiva do indicador, a entidade considera que a lentid\u00e3o com que o mercado de trabalho vem reagindo \u00e0 crise \u00e9 um \u201creflexo do baixo dinamismo da economia brasileira\u201d. Consequentemente, o crescimento do rendimento m\u00e9dio real e da massa salarial real desacelerou nos primeiros cinco meses do ano, na compara\u00e7\u00e3o com igual per\u00edodo do ano passado.<\/p>\n<p>Em seu informe, a CNI diz que a economia brasileira precisa de est\u00edmulos para superar o atual quadro de estagna\u00e7\u00e3o. E defende que os poderes Executivo e Legislativo prossigam tocando a agenda de reformas, que a entidade considera fundamentais para permitir o crescimento a longo prazo. No entanto, a ado\u00e7\u00e3o de medidas para reativar a demanda a curto prazo n\u00e3o devem ser deixadas de lado, diz o comunicado.<\/p>\n<p>Uma destas medidas de curto prazo \u00e9 a\u00a0libera\u00e7\u00e3o, para os trabalhadores que t\u00eam direito, do saque de parte dos recursos dispon\u00edveis em contas ativas e inativas do Fundo de Garantia do Tempo de Servi\u00e7o (FGTS) e do PIS-Pasep. A medida foi\u00a0anunciada na quarta-feira (24), no Pal\u00e1cio do Planalto, pelo presidente Jair Bolsonaro e o ministro da Economia, Paulo Guedes.<\/p>\n<p>Na avalia\u00e7\u00e3o da CNI, o saque de at\u00e9 R$ 500 por conta, a partir de setembro, pode impulsionar o consumo, mas n\u00e3o prescinde de a\u00e7\u00f5es estruturais que favore\u00e7am a retomada do crescimento sustentado, tais como a conclus\u00e3o da aprova\u00e7\u00e3o da reforma da Previd\u00eancia, a reforma tribut\u00e1ria, os avan\u00e7os nas privatiza\u00e7\u00f5es e o aperfei\u00e7oamento dos marcos regulat\u00f3rios.<\/p>\n<p>Fonte: Ag\u00eancia Brasil<\/p>\n","protected":false},"excerpt":{"rendered":"<p>A Confedera\u00e7\u00e3o Nacional da Ind\u00fastria (CNI) reduziu pela metade sua previs\u00e3o de crescimento do Produto Interno Bruto (PIB) para este ano. Um dos principais indicadores do potencial da economia nacional, o PIB \u00e9 a soma de todas as riquezas produzidas por um pa\u00eds, em um determinado per\u00edodo, seja na forma de bens, produtos ou servi\u00e7os. [&hellip;]<\/p>\n","protected":false},"author":96,"featured_media":144627,"comment_status":"closed","ping_status":"closed","sticky":false,"template":"","format":"standard","meta":{"footnotes":""},"categories":[436,261,439],"tags":[],"class_list":["post-144625","post","type-post","status-publish","format-standard","has-post-thumbnail","hentry","category-destaque-da-semana","category-economia","category-ultima-hora"],"_links":{"self":[{"href":"https:\/\/diarioregionaldigital.com.br\/index.php?rest_route=\/wp\/v2\/posts\/144625","targetHints":{"allow":["GET"]}}],"collection":[{"href":"https:\/\/diarioregionaldigital.com.br\/index.php?rest_route=\/wp\/v2\/posts"}],"about":[{"href":"https:\/\/diarioregionaldigital.com.br\/index.php?rest_route=\/wp\/v2\/types\/post"}],"author":[{"embeddable":true,"href":"https:\/\/diarioregionaldigital.com.br\/index.php?rest_route=\/wp\/v2\/users\/96"}],"replies":[{"embeddable":true,"href":"https:\/\/diarioregionaldigital.com.br\/index.php?rest_route=%2Fwp%2Fv2%2Fcomments&post=144625"}],"version-history":[{"count":0,"href":"https:\/\/diarioregionaldigital.com.br\/index.php?rest_route=\/wp\/v2\/posts\/144625\/revisions"}],"wp:featuredmedia":[{"embeddable":true,"href":"https:\/\/diarioregionaldigital.com.br\/index.php?rest_route=\/wp\/v2\/media\/144627"}],"wp:attachment":[{"href":"https:\/\/diarioregionaldigital.com.br\/index.php?rest_route=%2Fwp%2Fv2%2Fmedia&parent=144625"}],"wp:term":[{"taxonomy":"category","embeddable":true,"href":"https:\/\/diarioregionaldigital.com.br\/index.php?rest_route=%2Fwp%2Fv2%2Fcategories&post=144625"},{"taxonomy":"post_tag","embeddable":true,"href":"https:\/\/diarioregionaldigital.com.br\/index.php?rest_route=%2Fwp%2Fv2%2Ftags&post=144625"}],"curies":[{"name":"wp","href":"https:\/\/api.w.org\/{rel}","templated":true}]}}