{"id":144622,"date":"2019-07-25T14:59:24","date_gmt":"2019-07-25T17:59:24","guid":{"rendered":"https:\/\/diarioregionaldigital.com.br\/?p=144622"},"modified":"2019-07-25T14:59:24","modified_gmt":"2019-07-25T17:59:24","slug":"pais-registra-criacao-de-484-mil-vagas-de-trabalho-formal","status":"publish","type":"post","link":"https:\/\/diarioregionaldigital.com.br\/?p=144622","title":{"rendered":"Pa\u00eds registra cria\u00e7\u00e3o de 48,4 mil vagas de trabalho formal"},"content":{"rendered":"<p>A cria\u00e7\u00e3o de empregos com carteira assinada teve saldo positivo em junho, com a cria\u00e7\u00e3o de 48.436 vagas. Os dados do Cadastro Geral de Empregados e Desempregados (Caged) foram divulgado hoje (25) pelo Minist\u00e9rio da Economia.<\/p>\n<p>O indicador mede a diferen\u00e7a entre contrata\u00e7\u00f5es e demiss\u00f5es. O saldo positivo em junho foi resultado de 1.248.106 admiss\u00f5es contra 1.199.670 desligamentos ocorridos no per\u00edodo.<\/p>\n<p>O resultado de junho foi o melhor para o per\u00edodo desde 2013, quando, no mesmo m\u00eas, foram geradas 123.836 vagas. Em junho de 2018 foram registradas mais demiss\u00f5es do que contrata\u00e7\u00f5es, gerando saldo negativo de 661 vagas.<\/p>\n<p>No primeiro semestre deste ano, foram criados mais 408.500 postos de trabalho ( 8.221.237 admiss\u00f5es e 7.812.737 desligamentos), o maior saldo para o per\u00edodo desde 2014 quando foram criadas 588.671 vagas. No mesmo per\u00edodo do ano passado, o saldo foi de 392.461 vagas.<\/p>\n<p>O estoque do emprego formal no Brasil chegou a 38,819 milh\u00f5es, em junho, maior do que do o registrado em junho de 2018 (38,294 milh\u00f5es).<\/p>\n<p>Para o secret\u00e1rio de Trabalho do Minist\u00e9rio da Economia, Bruno Dalcolmo, os dados indicam que o resultado deste ano ser\u00e1 melhor do que o de 2018. Dalcomo ainda aposta na melhora dos \u00edndices de confian\u00e7a dos empres\u00e1rios e de consumidores impulsionada pela aprova\u00e7\u00e3o da reforma da Previd\u00eancia, a cria\u00e7\u00e3o da medida provis\u00f3ria Medida Provis\u00f3ria n\u00ba 881 (Liberdade Econ\u00f4mica) e a libera\u00e7\u00e3o do Fundo de Garantia do Tempo de Servi\u00e7o (FGTS).<\/p>\n<p>\u201c [Mas]Essas medidas n\u00e3o bastam. Uma medida apenas n\u00e3o \u00e9 suficiente. Nem mesmo a Nova Previd\u00eancia \u00e9 suficiente, mas \u00e9 indispens\u00e1vel para outras mudan\u00e7as\u201d, disse. Ele citou a necessidade da reforma tribut\u00e1ria, a melhora do ambiente de neg\u00f3cios, com a MP da Liberdade Econ\u00f4mica, e outras medidas de desburocratiza\u00e7\u00e3o.<\/p>\n<h2>Setores<\/h2>\n<p>Em junho, o setor de servi\u00e7os foi o que mais gerou empregos, com saldo de 23.020 vagas, seguido por agropecu\u00e1ria (22.702) e constru\u00e7\u00e3o civil (13.136). J\u00e1 a ind\u00fastria da transforma\u00e7\u00e3o demitiu mais do que contratou, registrando saldo negativo de 10.988 vagas. O com\u00e9rcio tamb\u00e9m apresentou saldo negativo (3.007 vagas).<\/p>\n<p>No acumulado de seis meses, o setor de servi\u00e7os se destacou, com gera\u00e7\u00e3o de 272.784 vagas. A agropecu\u00e1ria apresentou saldo de 75.380. O terceiro lugar na cria\u00e7\u00e3o de vagas foi ocupado pelo setor da ind\u00fastria da transforma\u00e7\u00e3o (69.286). Por outro lado, o com\u00e9rcio registrou saldo negativo (88.772) no mesmo per\u00edodo.<\/p>\n<p>Para o subsecret\u00e1rio de Pol\u00edticas P\u00fablicas e Rela\u00e7\u00f5es de Trabalho do Minist\u00e9rio da Economia, Matheus Stivali, a retra\u00e7\u00e3o do emprego no com\u00e9rcio \u00e9 reflexo da atividade econ\u00f4mica em recupera\u00e7\u00e3o. \u201cA explica\u00e7\u00e3o \u00e9 pr\u00f3prio desempenho fraco da economia. O com\u00e9rcio emprega pessoas de qualifica\u00e7\u00e3o m\u00e9dia e \u00e9 onde mais a crise econ\u00f4mica \u00e9 sentida\u201d, disse.<\/p>\n<h2>Regi\u00f5es<\/h2>\n<p>No m\u00eas, o Sudeste foi a regi\u00e3o que mais gerou empregos formais (31.054), a mesma situa\u00e7\u00e3o observada no acumulado do ano, com gera\u00e7\u00e3o de 251.656 vagas. O Sul registrou saldo negativo de 2.714 vagas, mas, na soma dos resultados dos \u00faltimos seis meses, a regi\u00e3o teve gera\u00e7\u00e3o de 11.455 empregos. No primeiro semestre, o Nordeste foi a \u00fanica regi\u00e3o a apresentar saldo negativo, com 35.193 vagas.<\/p>\n<h2>Reforma trabalhista<\/h2>\n<p>Considerando as mudan\u00e7as introduzidas pela nova legisla\u00e7\u00e3o trabalhista, o saldo de postos de trabalho na modalidade intermitente &#8211; quando o empregado recebe por horas de trabalho &#8211; chegou a 10.177 vagas. No parcial, 1.427.<\/p>\n<p>Os desligamentos por acordo chegaram a 17.952, em junho, o equivalente a 1,5% do total de desligamentos no m\u00eas.<\/p>\n<p>O sal\u00e1rio m\u00e9dio de demiss\u00e3o chegou a R$ 1.766,67. O de admiss\u00e3o, R$ 1.606,62.<\/p>\n<p>Fonte: Ag\u00eancia Brasil<\/p>\n","protected":false},"excerpt":{"rendered":"<p>A cria\u00e7\u00e3o de empregos com carteira assinada teve saldo positivo em junho, com a cria\u00e7\u00e3o de 48.436 vagas. Os dados do Cadastro Geral de Empregados e Desempregados (Caged) foram divulgado hoje (25) pelo Minist\u00e9rio da Economia. O indicador mede a diferen\u00e7a entre contrata\u00e7\u00f5es e demiss\u00f5es. O saldo positivo em junho foi resultado de 1.248.106 admiss\u00f5es [&hellip;]<\/p>\n","protected":false},"author":96,"featured_media":144623,"comment_status":"closed","ping_status":"closed","sticky":false,"template":"","format":"standard","meta":{"footnotes":""},"categories":[436,261,439],"tags":[],"class_list":["post-144622","post","type-post","status-publish","format-standard","has-post-thumbnail","hentry","category-destaque-da-semana","category-economia","category-ultima-hora"],"_links":{"self":[{"href":"https:\/\/diarioregionaldigital.com.br\/index.php?rest_route=\/wp\/v2\/posts\/144622","targetHints":{"allow":["GET"]}}],"collection":[{"href":"https:\/\/diarioregionaldigital.com.br\/index.php?rest_route=\/wp\/v2\/posts"}],"about":[{"href":"https:\/\/diarioregionaldigital.com.br\/index.php?rest_route=\/wp\/v2\/types\/post"}],"author":[{"embeddable":true,"href":"https:\/\/diarioregionaldigital.com.br\/index.php?rest_route=\/wp\/v2\/users\/96"}],"replies":[{"embeddable":true,"href":"https:\/\/diarioregionaldigital.com.br\/index.php?rest_route=%2Fwp%2Fv2%2Fcomments&post=144622"}],"version-history":[{"count":0,"href":"https:\/\/diarioregionaldigital.com.br\/index.php?rest_route=\/wp\/v2\/posts\/144622\/revisions"}],"wp:featuredmedia":[{"embeddable":true,"href":"https:\/\/diarioregionaldigital.com.br\/index.php?rest_route=\/wp\/v2\/media\/144623"}],"wp:attachment":[{"href":"https:\/\/diarioregionaldigital.com.br\/index.php?rest_route=%2Fwp%2Fv2%2Fmedia&parent=144622"}],"wp:term":[{"taxonomy":"category","embeddable":true,"href":"https:\/\/diarioregionaldigital.com.br\/index.php?rest_route=%2Fwp%2Fv2%2Fcategories&post=144622"},{"taxonomy":"post_tag","embeddable":true,"href":"https:\/\/diarioregionaldigital.com.br\/index.php?rest_route=%2Fwp%2Fv2%2Ftags&post=144622"}],"curies":[{"name":"wp","href":"https:\/\/api.w.org\/{rel}","templated":true}]}}