{"id":144588,"date":"2019-07-24T17:56:20","date_gmt":"2019-07-24T20:56:20","guid":{"rendered":"https:\/\/diarioregionaldigital.com.br\/?p=144588"},"modified":"2019-07-24T17:56:20","modified_gmt":"2019-07-24T20:56:20","slug":"comecou-hasteamento-da-bandeira-e-ansiedade-no-inicio-do-pan","status":"publish","type":"post","link":"https:\/\/diarioregionaldigital.com.br\/?p=144588","title":{"rendered":"Come\u00e7ou! Hasteamento da bandeira e ansiedade no in\u00edcio do Pan"},"content":{"rendered":"<p>Nesta quarta-feira (24), na Zona Internacional da Vila, o Comit\u00ea Organizador dos Jogos Pan-Americanos de Lima 2019 recebeu, oficialmente, a delega\u00e7\u00e3o brasileira. O COB fez um pedido para que fosse realizado nessa data, que \u00e9 significativa para o Time Brasil. As boas vindas aconteceram no marco de 1 ano para os Jogos Ol\u00edmpicos de T\u00f3quio 2020. Ansiedade n\u00e3o faltou para esse in\u00edcio de Pan, que pode ser considerado j\u00e1 uma Olimp\u00edada para muitos esportes.<\/p>\n<p>\u201cOs Jogos Pan-Americanos pro Boliche \u00e9 como se fosse uma Olimp\u00edada. \u00c9 o m\u00e1ximo que a gente chega. \u00c9 \u00f3bvio que tem o Mundial, mas o Pan \u00e9 o mais importante. Pra mim \u00e9 sempre uma honra estar aqui representando o Brasil e ter mais uma vez a chance de segurar a medalha dourada,\u201d disse o atleta Marcelo Suartz.<\/p>\n<p>E o clima de descontra\u00e7\u00e3o estava mesmo presente na cerim\u00f4nia brasileira. Muitos atletas tirando fotos com o mastro da bandeira do Brasil. E um fato interessante. Foi colocado na frente da Vila uma mesa de futemesa (a mistura de futebol com o t\u00eanis de mesa) onde os atletas podem se divertir e jogar. A delega\u00e7\u00e3o do Rugby Masculino n\u00e3o perdeu a oportunidade e ficou um bom tempo na brincadeira j\u00e1 que o dia n\u00e3o teve treinos fortes.<\/p>\n<p>\u201cTem que aproveitas, est\u00e1 a\u00ed um pouco frio, num dia um pouco mais tranquilo, com pouco treino, ent\u00e3o \u00e9 um dia bom a\u00ed para descontrair, tirar um pouco a press\u00e3o da competi\u00e7\u00e3o e brasileiro gosta da redonda, tamb\u00e9m. Ent\u00e3o foi bem legal, foi bem divertido. Primeira vez que eu venho participar de Jogos Pan-Americanos, acho que \u00e9 um ambiente bem emocionante pra todo atleta. Foi bem legal. Foi um dia bem interessante,\u201d contou o atleta do Rugby, Lucas Tranquez.<\/p>\n<p>Fonte: Olimp\u00edada Todo Dia<\/p>\n","protected":false},"excerpt":{"rendered":"<p>Nesta quarta-feira (24), na Zona Internacional da Vila, o Comit\u00ea Organizador dos Jogos Pan-Americanos de Lima 2019 recebeu, oficialmente, a delega\u00e7\u00e3o brasileira. O COB fez um pedido para que fosse realizado nessa data, que \u00e9 significativa para o Time Brasil. As boas vindas aconteceram no marco de 1 ano para os Jogos Ol\u00edmpicos de T\u00f3quio [&hellip;]<\/p>\n","protected":false},"author":96,"featured_media":144591,"comment_status":"closed","ping_status":"closed","sticky":false,"template":"","format":"standard","meta":{"footnotes":""},"categories":[436,257,439],"tags":[],"class_list":["post-144588","post","type-post","status-publish","format-standard","has-post-thumbnail","hentry","category-destaque-da-semana","category-esporte","category-ultima-hora"],"_links":{"self":[{"href":"https:\/\/diarioregionaldigital.com.br\/index.php?rest_route=\/wp\/v2\/posts\/144588","targetHints":{"allow":["GET"]}}],"collection":[{"href":"https:\/\/diarioregionaldigital.com.br\/index.php?rest_route=\/wp\/v2\/posts"}],"about":[{"href":"https:\/\/diarioregionaldigital.com.br\/index.php?rest_route=\/wp\/v2\/types\/post"}],"author":[{"embeddable":true,"href":"https:\/\/diarioregionaldigital.com.br\/index.php?rest_route=\/wp\/v2\/users\/96"}],"replies":[{"embeddable":true,"href":"https:\/\/diarioregionaldigital.com.br\/index.php?rest_route=%2Fwp%2Fv2%2Fcomments&post=144588"}],"version-history":[{"count":0,"href":"https:\/\/diarioregionaldigital.com.br\/index.php?rest_route=\/wp\/v2\/posts\/144588\/revisions"}],"wp:featuredmedia":[{"embeddable":true,"href":"https:\/\/diarioregionaldigital.com.br\/index.php?rest_route=\/wp\/v2\/media\/144591"}],"wp:attachment":[{"href":"https:\/\/diarioregionaldigital.com.br\/index.php?rest_route=%2Fwp%2Fv2%2Fmedia&parent=144588"}],"wp:term":[{"taxonomy":"category","embeddable":true,"href":"https:\/\/diarioregionaldigital.com.br\/index.php?rest_route=%2Fwp%2Fv2%2Fcategories&post=144588"},{"taxonomy":"post_tag","embeddable":true,"href":"https:\/\/diarioregionaldigital.com.br\/index.php?rest_route=%2Fwp%2Fv2%2Ftags&post=144588"}],"curies":[{"name":"wp","href":"https:\/\/api.w.org\/{rel}","templated":true}]}}