{"id":144586,"date":"2019-07-24T17:55:13","date_gmt":"2019-07-24T20:55:13","guid":{"rendered":"https:\/\/diarioregionaldigital.com.br\/?p=144586"},"modified":"2019-07-24T17:55:13","modified_gmt":"2019-07-24T20:55:13","slug":"ha-quatro-jogos-sem-vencer-palmeiras-vive-maior-jejum-de-vitorias-em-dois-anos","status":"publish","type":"post","link":"https:\/\/diarioregionaldigital.com.br\/?p=144586","title":{"rendered":"H\u00e1 quatro jogos sem vencer, Palmeiras vive maior jejum de vit\u00f3rias em dois anos"},"content":{"rendered":"<p>A sequ\u00eancia de trope\u00e7os do Palmeiras nos \u00faltimos jogos fez o time igualar uma marca negativa recente. Ao empatar contra o Godoy Cruz por 2 a 2, na \u00faltima ter\u00e7a-feira, na Argentina, a equipe do t\u00e9cnico Luiz Felipe Scolari chegou \u00e0 quarta partida seguida sem ganhar. A sequ\u00eancia \u00e9 a maior do clube nos dois \u00faltimos anos e deixa todos em alerta para buscar recupera\u00e7\u00e3o.<\/p>\n<p>Desde junho de 2017, quando estava sob o comando do t\u00e9cnico Cuca, o Palmeiras n\u00e3o ficava tantos compromissos seguidos sem vencer. Naquela temporada, o time ficou quatro partidas seguidas sem ganhar, mas com resultados piores em compara\u00e7\u00e3o ao momento atual. Foram tr\u00eas derrotas e um empate, enquanto que a s\u00e9rie atual tem duas derrotas e dois empates.<\/p>\n<p>&nbsp;<\/p>\n<p><strong>QUEM LEMBRA?<\/strong><\/p>\n<p>H\u00e1 dois anos, o time perdeu para o S\u00e3o Paulo, pelo Campeonato Brasileiro, e depois foi derrotado pelo Internacional, pela Copa do Brasil. Nos dois jogos restantes, o Palmeiras empatou sem gols contra o Atl\u00e9tico-MG, pelo Brasileir\u00e3o, e na partida seguinte, tamb\u00e9m pelo Nacional, perdeu por 1 a 0 para o Coritiba. A s\u00e9rie negativa terminou com uma vit\u00f3ria por 3 a 1 sobre o Fluminense.<\/p>\n<p>&nbsp;<\/p>\n<p><strong>ATUALMENTE&#8230;<\/strong><\/p>\n<p>Em 2019, o Palmeiras empatou contra o S\u00e3o Paulo, no Morumbi, e perdeu para o Internacional, em Porto Alegre, e para o Cear\u00e1, em Fortaleza. Por fim, na \u00faltima ter\u00e7a-feira, ficou no 2 a 2 contra o Godoy Cruz, pela Copa Libertadores.<\/p>\n<p>Ap\u00f3s a partida na Argentina, o elenco palmeirense viajou durante a madrugada e desembarcou em S\u00e3o Paulo por volta das 6 horas da manh\u00e3. Os jogadores ganharam folga e voltam aos treinos na tarde desta quinta-feira, na Academia de Futebol, para iniciar a prepara\u00e7\u00e3o para a partida contra o Vasco.<\/p>\n<p>Fonte: Futebol Interior<\/p>\n","protected":false},"excerpt":{"rendered":"<p>A sequ\u00eancia de trope\u00e7os do Palmeiras nos \u00faltimos jogos fez o time igualar uma marca negativa recente. Ao empatar contra o Godoy Cruz por 2 a 2, na \u00faltima ter\u00e7a-feira, na Argentina, a equipe do t\u00e9cnico Luiz Felipe Scolari chegou \u00e0 quarta partida seguida sem ganhar. A sequ\u00eancia \u00e9 a maior do clube nos dois [&hellip;]<\/p>\n","protected":false},"author":96,"featured_media":144589,"comment_status":"closed","ping_status":"closed","sticky":false,"template":"","format":"standard","meta":{"footnotes":""},"categories":[436,257,439],"tags":[],"class_list":["post-144586","post","type-post","status-publish","format-standard","has-post-thumbnail","hentry","category-destaque-da-semana","category-esporte","category-ultima-hora"],"_links":{"self":[{"href":"https:\/\/diarioregionaldigital.com.br\/index.php?rest_route=\/wp\/v2\/posts\/144586","targetHints":{"allow":["GET"]}}],"collection":[{"href":"https:\/\/diarioregionaldigital.com.br\/index.php?rest_route=\/wp\/v2\/posts"}],"about":[{"href":"https:\/\/diarioregionaldigital.com.br\/index.php?rest_route=\/wp\/v2\/types\/post"}],"author":[{"embeddable":true,"href":"https:\/\/diarioregionaldigital.com.br\/index.php?rest_route=\/wp\/v2\/users\/96"}],"replies":[{"embeddable":true,"href":"https:\/\/diarioregionaldigital.com.br\/index.php?rest_route=%2Fwp%2Fv2%2Fcomments&post=144586"}],"version-history":[{"count":0,"href":"https:\/\/diarioregionaldigital.com.br\/index.php?rest_route=\/wp\/v2\/posts\/144586\/revisions"}],"wp:featuredmedia":[{"embeddable":true,"href":"https:\/\/diarioregionaldigital.com.br\/index.php?rest_route=\/wp\/v2\/media\/144589"}],"wp:attachment":[{"href":"https:\/\/diarioregionaldigital.com.br\/index.php?rest_route=%2Fwp%2Fv2%2Fmedia&parent=144586"}],"wp:term":[{"taxonomy":"category","embeddable":true,"href":"https:\/\/diarioregionaldigital.com.br\/index.php?rest_route=%2Fwp%2Fv2%2Fcategories&post=144586"},{"taxonomy":"post_tag","embeddable":true,"href":"https:\/\/diarioregionaldigital.com.br\/index.php?rest_route=%2Fwp%2Fv2%2Ftags&post=144586"}],"curies":[{"name":"wp","href":"https:\/\/api.w.org\/{rel}","templated":true}]}}