{"id":144582,"date":"2019-07-24T17:53:57","date_gmt":"2019-07-24T20:53:57","guid":{"rendered":"https:\/\/diarioregionaldigital.com.br\/?p=144582"},"modified":"2019-07-24T17:53:57","modified_gmt":"2019-07-24T20:53:57","slug":"reforcos-com-passagens-pela-selecao-movimentam-janela-do-futebol-brasileiro","status":"publish","type":"post","link":"https:\/\/diarioregionaldigital.com.br\/?p=144582","title":{"rendered":"Refor\u00e7os com passagens pela sele\u00e7\u00e3o movimentam janela do futebol brasileiro"},"content":{"rendered":"<p>A atual janela de transfer\u00eancias do Campeonato Brasileiro n\u00e3o tem como marca a vinda de estrangeiros ou a intensa movimenta\u00e7\u00e3o entre equipes nacionais. O grande destaque do mercado est\u00e1 na volta de jogadores veteranos e com experi\u00eancia tanto na Europa quanto na sele\u00e7\u00e3o brasileira. Refor\u00e7os com mais de 30 anos e de renome internacional s\u00e3o as apostas das equipes para o restante do ano.<\/p>\n<p>Quem mais se movimentou nesta janela atr\u00e1s de contrata\u00e7\u00f5es nesse perfil foi o Flamengo. Depois de sofrer com um problema cr\u00f4nico nas laterais, a diretoria analisou o mercado e encontrou uma oportunidade para a direita e outra para a esquerda. O primeiro a chegar foi Rafinha. Ap\u00f3s 14 anos na Europa, dos quais oito foram no Bayern de Munique, o defensor de 33 anos aceitou a proposta e fechou contrato por duas temporadas.<\/p>\n<p>&#8220;Eu escolhi o Flamengo. Gra\u00e7as a Deus cheguei a esse momento da carreira em que pude escolher onde jogar. Meus companheiros de Bayern sabiam desse meu desejo e conheciam a grandeza do Flamengo&#8221;, disse o jogador durante a apresenta\u00e7\u00e3o oficial.<\/p>\n<p>&nbsp;<\/p>\n<p><strong>NOVOS DONOS DAS LATERAIS<\/strong><\/p>\n<p>Rafinha teve poucas oportunidades com a camisa da sele\u00e7\u00e3o brasileira e, na \u00faltima vez em que foi chamado, em 2017, recusou a convoca\u00e7\u00e3o. A chegada dele deixou a torcida do Flamengo em polvorosa, mas o ciclo de contrata\u00e7\u00f5es do clube carioca em busca de jogadores veteranos n\u00e3o terminou.<\/p>\n<p>Com uma negocia\u00e7\u00e3o longa, marcada por v\u00e1rias viagens de dirigentes para a Espanha, a diretoria do clube carioca fechou contrato de duas temporadas com Filipe Lu\u00eds. Titular da sele\u00e7\u00e3o brasileira na conquista da \u00faltima Copa Am\u00e9rica, ele tem 33 anos e deixou o futebol brasileiro em 2004.<\/p>\n<p>O ex-Atl\u00e9tico de Madrid tamb\u00e9m viu condi\u00e7\u00f5es atrativas para aceitar a proposta do Flamengo. A oportunidade de jogar no Pa\u00eds natal e ter um bom contrato influenciaram o lateral a trocar a capital espanhola pelo Rio de Janeiro. Para celebrar o acerto, ele chegou a publicar nas redes sociais uma foto da \u00e9poca da inf\u00e2ncia, em que vestia a camisa do rubro-negro.<\/p>\n<p>&nbsp;<\/p>\n<p><strong>VERD\u00c3O<\/strong><\/p>\n<p>Enquanto o Flamengo se movimentava no mercado, o Palmeiras fez o mesmo com o meia Ramires. O jogador de 32 anos terminou o contrato com o JiangsuSuning, da China, para assinar um v\u00ednculo de quatro temporadas. Quem foi decisivo na negocia\u00e7\u00e3o foi o treinador Luiz Felipe Scolari, com quem trabalhou em 2014 na Copa do Mundo.<\/p>\n<p>Ramires chega ao Palmeiras ap\u00f3s dez anos na Europa e passagens de destaque por Benfica e Chelsea, onde foi campe\u00e3o da Liga dos Campe\u00f5es em 2012.<\/p>\n<p>O meia disputou as Copas de 2010 e 2014 pela sele\u00e7\u00e3o brasileira e viu no acerto com o time alviverde a chance de passar mais tempo com a fam\u00edlia. Esse componente, inclusive, \u00e9 bastante comum em negocia\u00e7\u00f5es entre clubes brasileiros e jogadores que est\u00e3o h\u00e1 anos no exterior.<\/p>\n<p>Fonte: Futebol Interior<\/p>\n","protected":false},"excerpt":{"rendered":"<p>A atual janela de transfer\u00eancias do Campeonato Brasileiro n\u00e3o tem como marca a vinda de estrangeiros ou a intensa movimenta\u00e7\u00e3o entre equipes nacionais. O grande destaque do mercado est\u00e1 na volta de jogadores veteranos e com experi\u00eancia tanto na Europa quanto na sele\u00e7\u00e3o brasileira. Refor\u00e7os com mais de 30 anos e de renome internacional s\u00e3o [&hellip;]<\/p>\n","protected":false},"author":96,"featured_media":144585,"comment_status":"closed","ping_status":"closed","sticky":false,"template":"","format":"standard","meta":{"footnotes":""},"categories":[436,257,439],"tags":[],"class_list":["post-144582","post","type-post","status-publish","format-standard","has-post-thumbnail","hentry","category-destaque-da-semana","category-esporte","category-ultima-hora"],"_links":{"self":[{"href":"https:\/\/diarioregionaldigital.com.br\/index.php?rest_route=\/wp\/v2\/posts\/144582","targetHints":{"allow":["GET"]}}],"collection":[{"href":"https:\/\/diarioregionaldigital.com.br\/index.php?rest_route=\/wp\/v2\/posts"}],"about":[{"href":"https:\/\/diarioregionaldigital.com.br\/index.php?rest_route=\/wp\/v2\/types\/post"}],"author":[{"embeddable":true,"href":"https:\/\/diarioregionaldigital.com.br\/index.php?rest_route=\/wp\/v2\/users\/96"}],"replies":[{"embeddable":true,"href":"https:\/\/diarioregionaldigital.com.br\/index.php?rest_route=%2Fwp%2Fv2%2Fcomments&post=144582"}],"version-history":[{"count":0,"href":"https:\/\/diarioregionaldigital.com.br\/index.php?rest_route=\/wp\/v2\/posts\/144582\/revisions"}],"wp:featuredmedia":[{"embeddable":true,"href":"https:\/\/diarioregionaldigital.com.br\/index.php?rest_route=\/wp\/v2\/media\/144585"}],"wp:attachment":[{"href":"https:\/\/diarioregionaldigital.com.br\/index.php?rest_route=%2Fwp%2Fv2%2Fmedia&parent=144582"}],"wp:term":[{"taxonomy":"category","embeddable":true,"href":"https:\/\/diarioregionaldigital.com.br\/index.php?rest_route=%2Fwp%2Fv2%2Fcategories&post=144582"},{"taxonomy":"post_tag","embeddable":true,"href":"https:\/\/diarioregionaldigital.com.br\/index.php?rest_route=%2Fwp%2Fv2%2Ftags&post=144582"}],"curies":[{"name":"wp","href":"https:\/\/api.w.org\/{rel}","templated":true}]}}