{"id":144570,"date":"2019-07-24T17:50:43","date_gmt":"2019-07-24T20:50:43","guid":{"rendered":"https:\/\/diarioregionaldigital.com.br\/?p=144570"},"modified":"2019-07-24T17:50:43","modified_gmt":"2019-07-24T20:50:43","slug":"fluminense-abre-vantagem-sobre-penarol-na-sul-americana","status":"publish","type":"post","link":"https:\/\/diarioregionaldigital.com.br\/?p=144570","title":{"rendered":"Fluminense abre vantagem sobre Pe\u00f1arol na Sul-Americana"},"content":{"rendered":"<p>O Fluminense-RJ largou na frente do Pe\u00f1arol na luta por uma vaga nas quartas de final da Sul-Americana 2019. Na noite desta ter\u00e7a-feira (23), o Tricolor abriu o confronto das oitavas de final com uma importante vit\u00f3ria de 2 a 1 em Montevid\u00e9u.Com o resultado, o time das Laranjeiras traz uma consider\u00e1vel vantagem para o duelo de volta, no dia 30 de julho, no Rio de Janeiro. Em caso de empate ou at\u00e9 mesmo de derrota por 1 a 0 no Maracan\u00e3, a equipe carioca avan\u00e7a de fase.<\/p>\n<p>Com uma atua\u00e7\u00e3o s\u00f3lida, o Fluminense superou o Pe\u00f1arol no Uruguai. Com o faro apurado de Yony Gonz\u00e1lez, o Tricolor abriu 2 a 0. No primeiro tempo, o colombiano recebeu passe de Marcos Paulo e abriu o placar. Na etapa final, o atacante repetiu a dose e aproveitou o vacilo do goleiro Dawson para ampliar.<\/p>\n<p>\u2014 As duas equipes entregaram tudo em campo. O Fluminense veio buscar uma vit\u00f3ria e, gra\u00e7as a Deus, conseguiu. Agora \u00e9 descansar e esperar o pr\u00f3ximo jogo. Mantivemos nosso estilo de jogo de sair com a bola. O Pe\u00f1arol tentou fazer uma press\u00e3o alta, algumas vezes conseguiu e outras n\u00e3o. Acho que fomos efetivos nas poucas vezes que chegamos ao gol \u2014 afirmou o artilheiro da noite.<\/p>\n<p>Outro destaque da partida, Muriel tamb\u00e9m brilhou com grandes defesas. O goleiro segurou as investidas da equipe uruguaia at\u00e9 os 44 minutos do segundo tempo, quando Gast\u00f3n Rodriguez descontou, 2 a 1.<\/p>\n<p>FONTE: CBF<\/p>\n","protected":false},"excerpt":{"rendered":"<p>O Fluminense-RJ largou na frente do Pe\u00f1arol na luta por uma vaga nas quartas de final da Sul-Americana 2019. Na noite desta ter\u00e7a-feira (23), o Tricolor abriu o confronto das oitavas de final com uma importante vit\u00f3ria de 2 a 1 em Montevid\u00e9u.Com o resultado, o time das Laranjeiras traz uma consider\u00e1vel vantagem para o [&hellip;]<\/p>\n","protected":false},"author":96,"featured_media":144583,"comment_status":"closed","ping_status":"closed","sticky":false,"template":"","format":"standard","meta":{"footnotes":""},"categories":[436,257,439],"tags":[],"class_list":["post-144570","post","type-post","status-publish","format-standard","has-post-thumbnail","hentry","category-destaque-da-semana","category-esporte","category-ultima-hora"],"_links":{"self":[{"href":"https:\/\/diarioregionaldigital.com.br\/index.php?rest_route=\/wp\/v2\/posts\/144570","targetHints":{"allow":["GET"]}}],"collection":[{"href":"https:\/\/diarioregionaldigital.com.br\/index.php?rest_route=\/wp\/v2\/posts"}],"about":[{"href":"https:\/\/diarioregionaldigital.com.br\/index.php?rest_route=\/wp\/v2\/types\/post"}],"author":[{"embeddable":true,"href":"https:\/\/diarioregionaldigital.com.br\/index.php?rest_route=\/wp\/v2\/users\/96"}],"replies":[{"embeddable":true,"href":"https:\/\/diarioregionaldigital.com.br\/index.php?rest_route=%2Fwp%2Fv2%2Fcomments&post=144570"}],"version-history":[{"count":0,"href":"https:\/\/diarioregionaldigital.com.br\/index.php?rest_route=\/wp\/v2\/posts\/144570\/revisions"}],"wp:featuredmedia":[{"embeddable":true,"href":"https:\/\/diarioregionaldigital.com.br\/index.php?rest_route=\/wp\/v2\/media\/144583"}],"wp:attachment":[{"href":"https:\/\/diarioregionaldigital.com.br\/index.php?rest_route=%2Fwp%2Fv2%2Fmedia&parent=144570"}],"wp:term":[{"taxonomy":"category","embeddable":true,"href":"https:\/\/diarioregionaldigital.com.br\/index.php?rest_route=%2Fwp%2Fv2%2Fcategories&post=144570"},{"taxonomy":"post_tag","embeddable":true,"href":"https:\/\/diarioregionaldigital.com.br\/index.php?rest_route=%2Fwp%2Fv2%2Ftags&post=144570"}],"curies":[{"name":"wp","href":"https:\/\/api.w.org\/{rel}","templated":true}]}}