{"id":144567,"date":"2019-07-24T17:36:16","date_gmt":"2019-07-24T20:36:16","guid":{"rendered":"https:\/\/diarioregionaldigital.com.br\/?p=144567"},"modified":"2019-07-24T17:36:16","modified_gmt":"2019-07-24T20:36:16","slug":"proposta-cria-estatuto-para-colecionadores-de-armas-atiradores-e-cacadores","status":"publish","type":"post","link":"https:\/\/diarioregionaldigital.com.br\/?p=144567","title":{"rendered":"Proposta cria estatuto para colecionadores de armas, atiradores e ca\u00e7adores"},"content":{"rendered":"<p>Um estatuto para regulamentar as atividades de colecionadores de armas, atiradores e ca\u00e7adores (CACs) \u00e9 o que prop\u00f5e um projeto de lei que aguarda vota\u00e7\u00e3o de requerimento para inclus\u00e3o na ordem do dia no Plen\u00e1rio do Senado. De autoria do senador Marcos Rog\u00e9rio (DEM-RO), o\u00a0<a class=\"external-link\" href=\"http:\/\/www25.senado.leg.br\/web\/atividade\/materias\/-\/materia\/137353\">PL 3.615\/2019<\/a>\u00a0prop\u00f5e uniformizar as diferentes interpreta\u00e7\u00f5es legais sobre o assunto e evitar que colecionadores e praticantes de tiro desportivo e ca\u00e7a sejam presos indevidamente.<\/p>\n<p>O texto define que essas atividades s\u00e3o direitos de todo cidad\u00e3o brasileiro que se registrar junto ao Ex\u00e9rcito. Tamb\u00e9m define as diretrizes para que essas pr\u00e1ticas sejam exercidas e fiscalizadas.<\/p>\n<p>A autoriza\u00e7\u00e3o se dar\u00e1 por meio do Certificado de Registro (CR), um documento que autoriza a pessoa f\u00edsica ou jur\u00eddica para o exerc\u00edcio de atividades com produtos controlados pelo Ex\u00e9rcito (PCE). Al\u00e9m disso, ser\u00e1 emitido um certificado de registro de arma de fogo para cada arma registrada no Sistema de Gerenciamento Militar de Armas (Sigma).<\/p>\n<p>O PL estabelece ainda que os atiradores e ca\u00e7adores poder\u00e3o transportar uma arma de fogo curta durante o trajeto entre o local de guarda do acervo e os locais de treinamento, de prova ou competi\u00e7\u00e3o, de ca\u00e7a ou abate. Al\u00e9m disso, no certificado das armas de atiradores desportivos e ca\u00e7adores ser\u00e1 gravada a inscri\u00e7\u00e3o \u201cautorizado o transporte\u201d.<\/p>\n<p>Segundo Marcos Rog\u00e9rio, o projeto deve regulamentar as atividades que demandam a utiliza\u00e7\u00e3o de armamento e muni\u00e7\u00f5es, visto que o Decreto 9.785, de maio de 2019 \u2014 editado pelo presidente da Rep\u00fablica para regular a posse e o porte de armas \u2014, foi rejeitado pelo Congresso. Para o senador, \u00e9 necess\u00e1rio ent\u00e3o que Senado e C\u00e2mara dos Deputados elaborem legisla\u00e7\u00f5es para conferir mais seguran\u00e7a jur\u00eddica \u00e0s atividades dos CACs e aprimorar a fiscaliza\u00e7\u00e3o delas.<\/p>\n<p>\u201cCom o atual tratamento dispensado \u00e0 mat\u00e9ria, as autoridades policiais n\u00e3o t\u00eam levado em conta o fato de que os CACs t\u00eam a necessidade de transportar armas de seu acervo municiadas nos deslocamentos entre o local de guarda e o local de competi\u00e7\u00e3o ou treino, apesar de disposi\u00e7\u00f5es expressas do Estatuto do Desarmamento (<a class=\"external-link\" href=\"http:\/\/www.planalto.gov.br\/cciviL_03\/leis\/2003\/L10.826.htm\">Lei 10.826, de 2003<\/a>) e seu regulamento\u201d, explica o senador na justificativa do PL.<\/p>\n<p>O projeto tem como base o PL 1.019\/2019, do deputado Alexandre Leite (DEM-SP), que tamb\u00e9m trata sobre a cria\u00e7\u00e3o de um estatuto dos CACs.<\/p>\n<p>Fonte: Ag\u00eancia Senado<\/p>\n","protected":false},"excerpt":{"rendered":"<p>Um estatuto para regulamentar as atividades de colecionadores de armas, atiradores e ca\u00e7adores (CACs) \u00e9 o que prop\u00f5e um projeto de lei que aguarda vota\u00e7\u00e3o de requerimento para inclus\u00e3o na ordem do dia no Plen\u00e1rio do Senado. De autoria do senador Marcos Rog\u00e9rio (DEM-RO), o\u00a0PL 3.615\/2019\u00a0prop\u00f5e uniformizar as diferentes interpreta\u00e7\u00f5es legais sobre o assunto e [&hellip;]<\/p>\n","protected":false},"author":96,"featured_media":144568,"comment_status":"closed","ping_status":"closed","sticky":false,"template":"","format":"standard","meta":{"footnotes":""},"categories":[436,254,439],"tags":[],"class_list":["post-144567","post","type-post","status-publish","format-standard","has-post-thumbnail","hentry","category-destaque-da-semana","category-politica","category-ultima-hora"],"_links":{"self":[{"href":"https:\/\/diarioregionaldigital.com.br\/index.php?rest_route=\/wp\/v2\/posts\/144567","targetHints":{"allow":["GET"]}}],"collection":[{"href":"https:\/\/diarioregionaldigital.com.br\/index.php?rest_route=\/wp\/v2\/posts"}],"about":[{"href":"https:\/\/diarioregionaldigital.com.br\/index.php?rest_route=\/wp\/v2\/types\/post"}],"author":[{"embeddable":true,"href":"https:\/\/diarioregionaldigital.com.br\/index.php?rest_route=\/wp\/v2\/users\/96"}],"replies":[{"embeddable":true,"href":"https:\/\/diarioregionaldigital.com.br\/index.php?rest_route=%2Fwp%2Fv2%2Fcomments&post=144567"}],"version-history":[{"count":0,"href":"https:\/\/diarioregionaldigital.com.br\/index.php?rest_route=\/wp\/v2\/posts\/144567\/revisions"}],"wp:featuredmedia":[{"embeddable":true,"href":"https:\/\/diarioregionaldigital.com.br\/index.php?rest_route=\/wp\/v2\/media\/144568"}],"wp:attachment":[{"href":"https:\/\/diarioregionaldigital.com.br\/index.php?rest_route=%2Fwp%2Fv2%2Fmedia&parent=144567"}],"wp:term":[{"taxonomy":"category","embeddable":true,"href":"https:\/\/diarioregionaldigital.com.br\/index.php?rest_route=%2Fwp%2Fv2%2Fcategories&post=144567"},{"taxonomy":"post_tag","embeddable":true,"href":"https:\/\/diarioregionaldigital.com.br\/index.php?rest_route=%2Fwp%2Fv2%2Ftags&post=144567"}],"curies":[{"name":"wp","href":"https:\/\/api.w.org\/{rel}","templated":true}]}}