{"id":144564,"date":"2019-07-24T17:33:27","date_gmt":"2019-07-24T20:33:27","guid":{"rendered":"https:\/\/diarioregionaldigital.com.br\/?p=144564"},"modified":"2019-07-24T17:33:27","modified_gmt":"2019-07-24T20:33:27","slug":"sem-deliberacao-pela-camara-e-senado-medidas-provisorias-caducam","status":"publish","type":"post","link":"https:\/\/diarioregionaldigital.com.br\/?p=144564","title":{"rendered":"Sem delibera\u00e7\u00e3o pela C\u00e2mara e Senado, medidas provis\u00f3rias caducam"},"content":{"rendered":"<p>Em vigor desde mar\u00e7o, a Medida Provis\u00f3ria (MP) 878\/2019, que prorroga contratos tempor\u00e1rios de pessoal no Instituto do Patrim\u00f4nio Hist\u00f3rico e Art\u00edstico Nacional (Iphan), perdeu a validade nesta quarta-feira (24). Ontem (23), outra MP, a 877\/2019, que mudava a cobran\u00e7a de quatro impostos na compra de passagens por \u00f3rg\u00e3os p\u00fablicos federais &#8211; feita diretamente \u00e0s companhias a\u00e9reas &#8211; tamb\u00e9m caducou.<\/p>\n<p>Nos dois casos, as Mps foram aprovadas em comiss\u00e3o mista, mas n\u00e3o chegaram a ser analisadas nos plen\u00e1rios da C\u00e2mara e do Senado.<\/p>\n<p>No total, desde o in\u00edcio do ano, seis medidas provis\u00f3rias j\u00e1 tiveram vig\u00eancia encerrada. Nesta lista tamb\u00e9m est\u00e3o a MP 873, que extinguia a contribui\u00e7\u00e3o sindical na folha salarial , a MP 874, que concedia aux\u00edlio para as v\u00edtimas de Brumadinho (MG), a MP 875 \u2013 com o mesmo objetivo da anterior &#8211; e a MP 876, que facilitava a abertura e o fechamento de pequenos empreendimentos.<\/p>\n<h2>Reflexos<\/h2>\n<p>Quando uma MP perde a validade sem ter sido transformada em lei, o Congresso Nacional pode optar por definir, por meio de projeto de decreto legislativo, regras que regulamentem os atos ocorridos na sua vig\u00eancia. Se isso n\u00e3o acontecer, esses atos praticados s\u00e3o convalidados.<\/p>\n<p>Desde a posse, em 1\u00ba de janeiro, do presidente Jair Bolsonaro, das 19 MPs que foram editadas, somente tr\u00eas &#8211; MP 870, MP 871e MP 872 &#8211; foram convertidas em lei at\u00e9 agora.<\/p>\n<p>A primeira foi respons\u00e1vel pela reforma administrativa do governo, que reorganizou minist\u00e9rios, a segunda trouxe regras de combate a fraudes no Instituto Nacional do Seguro Social (INSS) e a 872 prorrogou o prazo para pagamento de gratifica\u00e7\u00f5es a servidores cedidos \u00e0 Advocacia-Geral da Uni\u00e3o (AGU).<\/p>\n<p>Fonte: Ag\u00eancia Brasil<\/p>\n","protected":false},"excerpt":{"rendered":"<p>Em vigor desde mar\u00e7o, a Medida Provis\u00f3ria (MP) 878\/2019, que prorroga contratos tempor\u00e1rios de pessoal no Instituto do Patrim\u00f4nio Hist\u00f3rico e Art\u00edstico Nacional (Iphan), perdeu a validade nesta quarta-feira (24). Ontem (23), outra MP, a 877\/2019, que mudava a cobran\u00e7a de quatro impostos na compra de passagens por \u00f3rg\u00e3os p\u00fablicos federais &#8211; feita diretamente \u00e0s [&hellip;]<\/p>\n","protected":false},"author":96,"featured_media":144565,"comment_status":"closed","ping_status":"closed","sticky":false,"template":"","format":"standard","meta":{"footnotes":""},"categories":[436,254,439],"tags":[],"class_list":["post-144564","post","type-post","status-publish","format-standard","has-post-thumbnail","hentry","category-destaque-da-semana","category-politica","category-ultima-hora"],"_links":{"self":[{"href":"https:\/\/diarioregionaldigital.com.br\/index.php?rest_route=\/wp\/v2\/posts\/144564","targetHints":{"allow":["GET"]}}],"collection":[{"href":"https:\/\/diarioregionaldigital.com.br\/index.php?rest_route=\/wp\/v2\/posts"}],"about":[{"href":"https:\/\/diarioregionaldigital.com.br\/index.php?rest_route=\/wp\/v2\/types\/post"}],"author":[{"embeddable":true,"href":"https:\/\/diarioregionaldigital.com.br\/index.php?rest_route=\/wp\/v2\/users\/96"}],"replies":[{"embeddable":true,"href":"https:\/\/diarioregionaldigital.com.br\/index.php?rest_route=%2Fwp%2Fv2%2Fcomments&post=144564"}],"version-history":[{"count":0,"href":"https:\/\/diarioregionaldigital.com.br\/index.php?rest_route=\/wp\/v2\/posts\/144564\/revisions"}],"wp:featuredmedia":[{"embeddable":true,"href":"https:\/\/diarioregionaldigital.com.br\/index.php?rest_route=\/wp\/v2\/media\/144565"}],"wp:attachment":[{"href":"https:\/\/diarioregionaldigital.com.br\/index.php?rest_route=%2Fwp%2Fv2%2Fmedia&parent=144564"}],"wp:term":[{"taxonomy":"category","embeddable":true,"href":"https:\/\/diarioregionaldigital.com.br\/index.php?rest_route=%2Fwp%2Fv2%2Fcategories&post=144564"},{"taxonomy":"post_tag","embeddable":true,"href":"https:\/\/diarioregionaldigital.com.br\/index.php?rest_route=%2Fwp%2Fv2%2Ftags&post=144564"}],"curies":[{"name":"wp","href":"https:\/\/api.w.org\/{rel}","templated":true}]}}