{"id":144557,"date":"2019-07-24T15:49:57","date_gmt":"2019-07-24T18:49:57","guid":{"rendered":"https:\/\/diarioregionaldigital.com.br\/?p=144557"},"modified":"2019-07-24T15:49:57","modified_gmt":"2019-07-24T18:49:57","slug":"workshop-voltado-para-pessoas-com-deficiencia-sera-realizado-em-juiz-de-fora","status":"publish","type":"post","link":"https:\/\/diarioregionaldigital.com.br\/?p=144557","title":{"rendered":"Workshop voltado para pessoas com defici\u00eancia ser\u00e1 realizado em Juiz de Fora"},"content":{"rendered":"<p>No pr\u00f3ximo s\u00e1bado, 27 de julho, a Adequa Acessibilidade realizara o 1\u00ba Workshop ADEQTEC \u2013 Tecnologia, Inova\u00e7\u00e3o e Acessibilidade, voltado para pessoas com defici\u00eancia.<\/p>\n<p>O evento acontecer\u00e1 na rua Sampaio, n\u00ba14, no bairro Granbery, a partir das 9 horas. O evento \u00e9 gratuito.<\/p>\n<p><img decoding=\"async\" class=\"aligncenter\" src=\"https:\/\/scontent.xx.fbcdn.net\/v\/t1.15752-0\/p480x480\/67069262_638732973304967_5466581408812105728_n.png?_nc_cat=100&amp;_nc_oc=AQleCUFYCAWVqCr3u-R89YM7NtbukWlRPwC10QwjDBeAOaPgMEoXOBnjM7ze8FAE4yHePdizMiKfw8Qyt6gbVgcE&amp;_nc_ad=z-m&amp;_nc_cid=0&amp;_nc_zor=9&amp;_nc_ht=scontent.xx&amp;oh=539f3c9aa5a8b4833888a2bbf3061f40&amp;oe=5DE38E25\" \/><\/p>\n","protected":false},"excerpt":{"rendered":"<p>No pr\u00f3ximo s\u00e1bado, 27 de julho, a Adequa Acessibilidade realizara o 1\u00ba Workshop ADEQTEC \u2013 Tecnologia, Inova\u00e7\u00e3o e Acessibilidade, voltado para pessoas com defici\u00eancia. O evento acontecer\u00e1 na rua Sampaio, n\u00ba14, no bairro Granbery, a partir das 9 horas. O evento \u00e9 gratuito.<\/p>\n","protected":false},"author":96,"featured_media":112697,"comment_status":"closed","ping_status":"closed","sticky":false,"template":"","format":"standard","meta":{"footnotes":""},"categories":[253,436,439],"tags":[],"class_list":["post-144557","post","type-post","status-publish","format-standard","has-post-thumbnail","hentry","category-cidade","category-destaque-da-semana","category-ultima-hora"],"_links":{"self":[{"href":"https:\/\/diarioregionaldigital.com.br\/index.php?rest_route=\/wp\/v2\/posts\/144557","targetHints":{"allow":["GET"]}}],"collection":[{"href":"https:\/\/diarioregionaldigital.com.br\/index.php?rest_route=\/wp\/v2\/posts"}],"about":[{"href":"https:\/\/diarioregionaldigital.com.br\/index.php?rest_route=\/wp\/v2\/types\/post"}],"author":[{"embeddable":true,"href":"https:\/\/diarioregionaldigital.com.br\/index.php?rest_route=\/wp\/v2\/users\/96"}],"replies":[{"embeddable":true,"href":"https:\/\/diarioregionaldigital.com.br\/index.php?rest_route=%2Fwp%2Fv2%2Fcomments&post=144557"}],"version-history":[{"count":0,"href":"https:\/\/diarioregionaldigital.com.br\/index.php?rest_route=\/wp\/v2\/posts\/144557\/revisions"}],"wp:featuredmedia":[{"embeddable":true,"href":"https:\/\/diarioregionaldigital.com.br\/index.php?rest_route=\/wp\/v2\/media\/112697"}],"wp:attachment":[{"href":"https:\/\/diarioregionaldigital.com.br\/index.php?rest_route=%2Fwp%2Fv2%2Fmedia&parent=144557"}],"wp:term":[{"taxonomy":"category","embeddable":true,"href":"https:\/\/diarioregionaldigital.com.br\/index.php?rest_route=%2Fwp%2Fv2%2Fcategories&post=144557"},{"taxonomy":"post_tag","embeddable":true,"href":"https:\/\/diarioregionaldigital.com.br\/index.php?rest_route=%2Fwp%2Fv2%2Ftags&post=144557"}],"curies":[{"name":"wp","href":"https:\/\/api.w.org\/{rel}","templated":true}]}}