{"id":144554,"date":"2019-07-24T15:05:13","date_gmt":"2019-07-24T18:05:13","guid":{"rendered":"https:\/\/diarioregionaldigital.com.br\/?p=144554"},"modified":"2019-07-24T15:05:13","modified_gmt":"2019-07-24T18:05:13","slug":"confianca-do-consumidor-recua-04-ponto-em-julho-diz-fgv","status":"publish","type":"post","link":"https:\/\/diarioregionaldigital.com.br\/?p=144554","title":{"rendered":"Confian\u00e7a do Consumidor recua 0,4 ponto em julho, diz FGV"},"content":{"rendered":"<p>O \u00cdndice de Confian\u00e7a do Consumidor, medido pela da Funda\u00e7\u00e3o Getulio Vargas (FGV), recuou 0,4 ponto de junho para julho deste ano, atingindo 88,1 pontos em uma escala de zero a 200 pontos. De acordo com a FGV, o indicador se mant\u00e9m em n\u00edvel baixo em termos hist\u00f3ricos.<\/p>\n<p>A queda foi provocada pela piora da avalia\u00e7\u00e3o dos consumidores em rela\u00e7\u00e3o ao futuro. O \u00cdndice de Expectativas recuou 2 pontos, alcan\u00e7ando 97,7 pontos e permanecendo abaixo do patamar de 100 pontos pelo quarto m\u00eas consecutivo. O otimismo quanto \u00e0 evolu\u00e7\u00e3o da situa\u00e7\u00e3o financeira das fam\u00edlias foi o que mais contribuiu para esse resultado, ao cair 4,1 pontos.<\/p>\n<p>Por outro lado, o consumidor est\u00e1 mais satisfeito em rela\u00e7\u00e3o ao momento atual. O \u00cdndice da Situa\u00e7\u00e3o Atual aumentou 1,9 ponto e foi para 75,3 pontos. O indicador que mede o grau de satisfa\u00e7\u00e3o com a situa\u00e7\u00e3o financeira das fam\u00edlias subiu 2,8 pontos.<\/p>\n<p>Segundo a pesquisadora Viviane Seda Bittencourt, houve muita heterogeneidade entre as respostas dos consumidores. Os de maior poder aquisitivo est\u00e3o mais otimistas, segundo ela. Entre os demais, as expectativas continuaram sendo revisadas para baixo. \u201cAparentemente, para o consumidor de baixa renda, a preocupa\u00e7\u00e3o com o mercado de trabalho e com a situa\u00e7\u00e3o financeira familiar s\u00e3o ainda os fatores de maior peso a determinar os movimentos da confian\u00e7a neste ano\u201d.<\/p>\n<p>Fonte: Ag\u00eancia Brasil<\/p>\n","protected":false},"excerpt":{"rendered":"<p>O \u00cdndice de Confian\u00e7a do Consumidor, medido pela da Funda\u00e7\u00e3o Getulio Vargas (FGV), recuou 0,4 ponto de junho para julho deste ano, atingindo 88,1 pontos em uma escala de zero a 200 pontos. De acordo com a FGV, o indicador se mant\u00e9m em n\u00edvel baixo em termos hist\u00f3ricos. A queda foi provocada pela piora da [&hellip;]<\/p>\n","protected":false},"author":96,"featured_media":144555,"comment_status":"closed","ping_status":"closed","sticky":false,"template":"","format":"standard","meta":{"footnotes":""},"categories":[436,261,439],"tags":[],"class_list":["post-144554","post","type-post","status-publish","format-standard","has-post-thumbnail","hentry","category-destaque-da-semana","category-economia","category-ultima-hora"],"_links":{"self":[{"href":"https:\/\/diarioregionaldigital.com.br\/index.php?rest_route=\/wp\/v2\/posts\/144554","targetHints":{"allow":["GET"]}}],"collection":[{"href":"https:\/\/diarioregionaldigital.com.br\/index.php?rest_route=\/wp\/v2\/posts"}],"about":[{"href":"https:\/\/diarioregionaldigital.com.br\/index.php?rest_route=\/wp\/v2\/types\/post"}],"author":[{"embeddable":true,"href":"https:\/\/diarioregionaldigital.com.br\/index.php?rest_route=\/wp\/v2\/users\/96"}],"replies":[{"embeddable":true,"href":"https:\/\/diarioregionaldigital.com.br\/index.php?rest_route=%2Fwp%2Fv2%2Fcomments&post=144554"}],"version-history":[{"count":0,"href":"https:\/\/diarioregionaldigital.com.br\/index.php?rest_route=\/wp\/v2\/posts\/144554\/revisions"}],"wp:featuredmedia":[{"embeddable":true,"href":"https:\/\/diarioregionaldigital.com.br\/index.php?rest_route=\/wp\/v2\/media\/144555"}],"wp:attachment":[{"href":"https:\/\/diarioregionaldigital.com.br\/index.php?rest_route=%2Fwp%2Fv2%2Fmedia&parent=144554"}],"wp:term":[{"taxonomy":"category","embeddable":true,"href":"https:\/\/diarioregionaldigital.com.br\/index.php?rest_route=%2Fwp%2Fv2%2Fcategories&post=144554"},{"taxonomy":"post_tag","embeddable":true,"href":"https:\/\/diarioregionaldigital.com.br\/index.php?rest_route=%2Fwp%2Fv2%2Ftags&post=144554"}],"curies":[{"name":"wp","href":"https:\/\/api.w.org\/{rel}","templated":true}]}}