{"id":144552,"date":"2019-07-24T15:02:20","date_gmt":"2019-07-24T18:02:20","guid":{"rendered":"https:\/\/diarioregionaldigital.com.br\/?p=144552"},"modified":"2019-07-24T15:02:20","modified_gmt":"2019-07-24T18:02:20","slug":"onyx-diz-que-saques-do-fgts-serao-limitados-a-r-500-por-conta","status":"publish","type":"post","link":"https:\/\/diarioregionaldigital.com.br\/?p=144552","title":{"rendered":"Onyx diz que saques do FGTS ser\u00e3o limitados a R$ 500 por conta"},"content":{"rendered":"<p>O ministro-chefe da Casa Civil, Onyx Lorenzoni, disse hoje (24), que a libera\u00e7\u00e3o dos saques de contas ativas e inativas do Fundo de Garantia do Tempo de Servi\u00e7o (FGTS) ser\u00e1 limitado a R$ 500 neste ano. O an\u00fancio oficial ser\u00e1 esta tarde, em cerim\u00f4nia no Pal\u00e1cio do Planalto, com a presen\u00e7a do presidente Jair Bolsonaro e do ministro da Economia, Paulo Guedes.<\/p>\n<p>Em entrevista \u00e0\u00a0<em>R\u00e1dio Ga\u00facha<\/em>, o ministro adiantou que o per\u00edodo de saque autorizado ser\u00e1 de agosto deste ano a mar\u00e7o do ano que vem. \u201cSer\u00e1 uma coisa opcional. O trabalhador tem toda a liberdade de usar esse recurso ou n\u00e3o\u201d.<\/p>\n<div class=\"dnd-widget-wrapper context-grande_6colunas type-image atom-align-left\">\n<div class=\"dnd-atom-rendered\">\n<figure class=\"mejs-fotoh-wrapper\"><img decoding=\"async\" class=\"img-responsive full full\" title=\"Valter Campanato\/Ag\u00eancia Brasil\" src=\"http:\/\/imagens.ebc.com.br\/1pccTT6mVgu0Nb5nI4yaNP635bI=\/463x0\/smart\/http:\/\/agenciabrasil.ebc.com.br\/sites\/default\/files\/thumbnails\/image\/edit_vac_abr_18071919336.jpg?itok=YeVCJzyA\" alt=\"O ministro da Casa Civil, Onyx Lorenzoni, fala durante entrevista coletiva ap\u00f3s cerim\u00f4nia alusiva aos 200 dias de governo.\" \/><\/figure>\n<\/div>\n<div class=\"dnd-caption-wrapper\">\n<h6 class=\"meta\">O ministro da Casa Civil, Onyx Lorenzoni, disse que este ano os saques do FGTS ser\u00e3o limitados a R$ 500 &#8211; Arquivo\/Ag\u00eancia Brasil<\/h6>\n<\/div>\n<\/div>\n<p>Segundo Onyx, a partir do ano que vem ser\u00e1 permitido sacar um percentual sobre o valor na conta, que dever\u00e1 ser maior para quem tem menos dinheiro na conta do FGTS. Esse percentual ser\u00e1 detalhado no evento de hoje \u00e0 tarde.<\/p>\n<p>O ministro reiterou que a medida vai injetar na economia mais de R$ 30 bilh\u00f5es este ano e mais R$ 10 bilh\u00f5es no ano que vem.<\/p>\n<div><\/div>\n<p>Fonte: Ag\u00eancia Brasil<\/p>\n","protected":false},"excerpt":{"rendered":"<p>O ministro-chefe da Casa Civil, Onyx Lorenzoni, disse hoje (24), que a libera\u00e7\u00e3o dos saques de contas ativas e inativas do Fundo de Garantia do Tempo de Servi\u00e7o (FGTS) ser\u00e1 limitado a R$ 500 neste ano. O an\u00fancio oficial ser\u00e1 esta tarde, em cerim\u00f4nia no Pal\u00e1cio do Planalto, com a presen\u00e7a do presidente Jair Bolsonaro [&hellip;]<\/p>\n","protected":false},"author":96,"featured_media":97343,"comment_status":"closed","ping_status":"closed","sticky":false,"template":"","format":"standard","meta":{"footnotes":""},"categories":[436,254,439],"tags":[],"class_list":["post-144552","post","type-post","status-publish","format-standard","has-post-thumbnail","hentry","category-destaque-da-semana","category-politica","category-ultima-hora"],"_links":{"self":[{"href":"https:\/\/diarioregionaldigital.com.br\/index.php?rest_route=\/wp\/v2\/posts\/144552","targetHints":{"allow":["GET"]}}],"collection":[{"href":"https:\/\/diarioregionaldigital.com.br\/index.php?rest_route=\/wp\/v2\/posts"}],"about":[{"href":"https:\/\/diarioregionaldigital.com.br\/index.php?rest_route=\/wp\/v2\/types\/post"}],"author":[{"embeddable":true,"href":"https:\/\/diarioregionaldigital.com.br\/index.php?rest_route=\/wp\/v2\/users\/96"}],"replies":[{"embeddable":true,"href":"https:\/\/diarioregionaldigital.com.br\/index.php?rest_route=%2Fwp%2Fv2%2Fcomments&post=144552"}],"version-history":[{"count":0,"href":"https:\/\/diarioregionaldigital.com.br\/index.php?rest_route=\/wp\/v2\/posts\/144552\/revisions"}],"wp:featuredmedia":[{"embeddable":true,"href":"https:\/\/diarioregionaldigital.com.br\/index.php?rest_route=\/wp\/v2\/media\/97343"}],"wp:attachment":[{"href":"https:\/\/diarioregionaldigital.com.br\/index.php?rest_route=%2Fwp%2Fv2%2Fmedia&parent=144552"}],"wp:term":[{"taxonomy":"category","embeddable":true,"href":"https:\/\/diarioregionaldigital.com.br\/index.php?rest_route=%2Fwp%2Fv2%2Fcategories&post=144552"},{"taxonomy":"post_tag","embeddable":true,"href":"https:\/\/diarioregionaldigital.com.br\/index.php?rest_route=%2Fwp%2Fv2%2Ftags&post=144552"}],"curies":[{"name":"wp","href":"https:\/\/api.w.org\/{rel}","templated":true}]}}