{"id":144549,"date":"2019-07-24T14:49:33","date_gmt":"2019-07-24T17:49:33","guid":{"rendered":"https:\/\/diarioregionaldigital.com.br\/?p=144549"},"modified":"2019-07-24T14:49:33","modified_gmt":"2019-07-24T17:49:33","slug":"governo-quer-liberar-venda-fracionada-de-gas-de-cozinha","status":"publish","type":"post","link":"https:\/\/diarioregionaldigital.com.br\/?p=144549","title":{"rendered":"Governo quer liberar venda fracionada de g\u00e1s de cozinha"},"content":{"rendered":"<p>O consumidor de g\u00e1s liquefeito de petr\u00f3leo (GLP), que \u00e9 o g\u00e1s de cozinha, poder\u00e1 encher o botij\u00e3o de forma parcial, sem ser obrigado a comprar ele cheio, como ocorre hoje. Essa \u00e9 uma das medidas que podem ser implementadas pelo governo nos pr\u00f3ximos meses dentro da pol\u00edtica de abertura do mercado de g\u00e1s natural no pa\u00eds. A informa\u00e7\u00e3o foi dada pelo diretor-geral da Ag\u00eancia Nacional de Petr\u00f3leo, G\u00e1s Natural e Biocombust\u00edveis (ANP), D\u00e9cio Odoni, em cerim\u00f4nia no Pal\u00e1cio do Planalto para o lan\u00e7amento do programa Novo Mercado de G\u00e1s.<\/p>\n<p>&#8220;Atualmente, n\u00e3o \u00e9 poss\u00edvel comprar um botij\u00e3o parcialmente cheio, pr\u00e1tica que equivaleria ao motorista ser obrigado a encher todo o tanque do carro. Isso impacta particularmente as fam\u00edlias de baixa renda, que chegam ao final do m\u00eas sem recursos para comprar um botij\u00e3o completo. Assim, uma dona de casa pode ser levada a migrar para o carv\u00e3o, a lenha e o \u00e1lcool, correndo riscos e criando implica\u00e7\u00f5es para a sa\u00fade p\u00fablica. Acidentes dessa natureza s\u00e3o frequentemente noticiados. A permiss\u00e3o do enchimento fracionado e a venda de botij\u00f5es parcialmente cheios s\u00e3o analisadas&#8221;, disse Odoni, em discurso.<\/p>\n<p>Novas regras para o GLP devem ser discutidas pelo Conselho Nacional de Pol\u00edtica Energ\u00e9tica (CNPE) em uma reuni\u00e3o prevista para o final de agosto. &#8220;Acreditamos que poderemos votar uma resolu\u00e7\u00e3o na reuni\u00e3o que est\u00e1 prevista para o final de agosto, mas os t\u00e9cnicos ainda est\u00e3o estudando. E n\u00f3s acreditamos que n\u00e3o s\u00f3 a redu\u00e7\u00e3o do pre\u00e7o do GLP dever\u00e1 ocorrer a curto e m\u00e9dio prazo, mas tamb\u00e9m novos processos para esse mercado, que foi citado pelo diretor-geral da Ag\u00eancia Nacional de Petr\u00f3leo, de a pessoa poder fracionar, encher o botij\u00e3o de g\u00e1s com aquilo que lhe \u00e9 conveniente&#8221;, disse o ministro de Minas e Energia, Bento Albuquerque.<\/p>\n<p>Al\u00e9m do fracionamento do g\u00e1s de cozinha, o governo quer permitir o enchimento do mesmo botij\u00e3o por diferentes marcas, o que \u00e9 proibido. &#8220;Mesmo em condi\u00e7\u00f5es seguras, n\u00e3o \u00e9 permitido o engarrafamento de botij\u00f5es de uma marca distinta da estampada no vasilhame. A troca dos botij\u00f5es entre as distribuidoras gera custos adicionais de log\u00edstica. Est\u00e1 em estudo a libera\u00e7\u00e3o do botij\u00e3o sem marca e o enchimento de vasilhames de outras marcas&#8221;, revelou D\u00e9cio Odoni.<\/p>\n<p>Outra mudan\u00e7a pode ser a op\u00e7\u00e3o de o consumidor levar o botij\u00e3o de g\u00e1s vazio diretamente para locais de enchimento, sem precisar devolver o vasilhame e pagar pelo volume residual que permanece no recipiente ao final do uso.<\/p>\n<p>Fonte: Ag\u00eancia Brasil<\/p>\n","protected":false},"excerpt":{"rendered":"<p>O consumidor de g\u00e1s liquefeito de petr\u00f3leo (GLP), que \u00e9 o g\u00e1s de cozinha, poder\u00e1 encher o botij\u00e3o de forma parcial, sem ser obrigado a comprar ele cheio, como ocorre hoje. Essa \u00e9 uma das medidas que podem ser implementadas pelo governo nos pr\u00f3ximos meses dentro da pol\u00edtica de abertura do mercado de g\u00e1s natural [&hellip;]<\/p>\n","protected":false},"author":96,"featured_media":144550,"comment_status":"closed","ping_status":"closed","sticky":false,"template":"","format":"standard","meta":{"footnotes":""},"categories":[436,261,439],"tags":[],"class_list":["post-144549","post","type-post","status-publish","format-standard","has-post-thumbnail","hentry","category-destaque-da-semana","category-economia","category-ultima-hora"],"_links":{"self":[{"href":"https:\/\/diarioregionaldigital.com.br\/index.php?rest_route=\/wp\/v2\/posts\/144549","targetHints":{"allow":["GET"]}}],"collection":[{"href":"https:\/\/diarioregionaldigital.com.br\/index.php?rest_route=\/wp\/v2\/posts"}],"about":[{"href":"https:\/\/diarioregionaldigital.com.br\/index.php?rest_route=\/wp\/v2\/types\/post"}],"author":[{"embeddable":true,"href":"https:\/\/diarioregionaldigital.com.br\/index.php?rest_route=\/wp\/v2\/users\/96"}],"replies":[{"embeddable":true,"href":"https:\/\/diarioregionaldigital.com.br\/index.php?rest_route=%2Fwp%2Fv2%2Fcomments&post=144549"}],"version-history":[{"count":0,"href":"https:\/\/diarioregionaldigital.com.br\/index.php?rest_route=\/wp\/v2\/posts\/144549\/revisions"}],"wp:featuredmedia":[{"embeddable":true,"href":"https:\/\/diarioregionaldigital.com.br\/index.php?rest_route=\/wp\/v2\/media\/144550"}],"wp:attachment":[{"href":"https:\/\/diarioregionaldigital.com.br\/index.php?rest_route=%2Fwp%2Fv2%2Fmedia&parent=144549"}],"wp:term":[{"taxonomy":"category","embeddable":true,"href":"https:\/\/diarioregionaldigital.com.br\/index.php?rest_route=%2Fwp%2Fv2%2Fcategories&post=144549"},{"taxonomy":"post_tag","embeddable":true,"href":"https:\/\/diarioregionaldigital.com.br\/index.php?rest_route=%2Fwp%2Fv2%2Ftags&post=144549"}],"curies":[{"name":"wp","href":"https:\/\/api.w.org\/{rel}","templated":true}]}}