{"id":144415,"date":"2019-07-22T18:26:38","date_gmt":"2019-07-22T21:26:38","guid":{"rendered":"https:\/\/diarioregionaldigital.com.br\/?p=144415"},"modified":"2019-07-22T18:26:38","modified_gmt":"2019-07-22T21:26:38","slug":"sala-de-operacoes-da-dengue-acoes-de-limpeza-serao-realizadas-no-bairro-retiro-nesta-quarta-feira","status":"publish","type":"post","link":"https:\/\/diarioregionaldigital.com.br\/?p=144415","title":{"rendered":"&#8220;Sala de Opera\u00e7\u00f5es da Dengue&#8221;: a\u00e7\u00f5es de limpeza ser\u00e3o realizadas no bairro Retiro nesta quarta-feira"},"content":{"rendered":"<p>Nesta quarta-feira, 24, equipes da &#8220;Sala de Opera\u00e7\u00f5es da Dengue&#8221; v\u00e3o realizar a\u00e7\u00f5es de limpeza em dois locais no bairro Retiro. Entre as a\u00e7\u00f5es, que ser\u00e3o realizadas a partir das 8 horas, est\u00e1 programada a retirada de lixo em um im\u00f3vel abandonado, localizado na rua S\u00e9rgio Barbosa, e de pneus, em uma oficina na rua Aladim Silva, ponto estrat\u00e9gico monitorado pela &#8220;Sala de Opera\u00e7\u00f5es&#8221;.<\/p>\n<p>Durante a \u00faltima semana, a \u201cSala de Opera\u00e7\u00f5es da Dengue\u201d realizou uma s\u00e9rie de a\u00e7\u00f5es de combate \u00e0 dengue no bairro Dom Bosco. Conforme as informa\u00e7\u00f5es, foram retirados quatro caminh\u00f5es de entulho nas a\u00e7\u00f5es no Bairro Dom Bosco, o que corresponde a cerca de 12 toneladas de material inserv\u00edvel. Conforme a Prefeitura de Juiz de Fora (PJF), a a\u00e7\u00e3o contou com o apoio de um supervisor do Departamento de Vigil\u00e2ncia Epidemiol\u00f3gica e Ambiental (Dvea), dois agentes de combate a endemias (ACEs), al\u00e9m de equipes da Guarda Municipal, da Secretaria de Meio Ambiente e Ordenamento Urbano (Semaur) e servidores do Departamento Municipal de Limpeza Urbana (Demlurb).<\/p>\n<p>As atividades realizadas pelas equipes da &#8220;Sala de Opera\u00e7\u00f5es da Dengue&#8221; tem como objetivo eliminar poss\u00edveis focos do Aedes aegypti, inseto transmissor da dengue, zika e chikungunya, para impedir a prolifera\u00e7\u00e3o do mosquito na regi\u00e3o. Nesta quarta-feira, 24, no bairro Retiro, a a\u00e7\u00e3o vai contar com o trabalho de agentes de combate a endemias da Secretaria de Sa\u00fade, fiscais da Secretaria de Meio Ambiente e Ordenamento Urbano (Semaur) e servidores do Departamento Municipal de Limpeza Urbana (Demlurb).<\/p>\n<p>&nbsp;<\/p>\n<p><strong>Chega a 10 o n\u00famero de mortes por dengue em Juiz de Fora<\/strong><\/p>\n<p>O boletim epidemiol\u00f3gico divulgado pela Secretaria de Estado de Sa\u00fade de Minas Gerais (SES-MG) no \u00faltimo dia 2 de julho confirmou mais tr\u00eas mortes por dengue em Juiz de Fora. Com os dados do balan\u00e7o, a cidade j\u00e1 contabiliza 10 mortes pela doen\u00e7a.<\/p>\n<p>&nbsp;<\/p>\n","protected":false},"excerpt":{"rendered":"<p>Nesta quarta-feira, 24, equipes da &#8220;Sala de Opera\u00e7\u00f5es da Dengue&#8221; v\u00e3o realizar a\u00e7\u00f5es de limpeza em dois locais no bairro Retiro. Entre as a\u00e7\u00f5es, que ser\u00e3o realizadas a partir das 8 horas, est\u00e1 programada a retirada de lixo em um im\u00f3vel abandonado, localizado na rua S\u00e9rgio Barbosa, e de pneus, em uma oficina na rua [&hellip;]<\/p>\n","protected":false},"author":96,"featured_media":144416,"comment_status":"closed","ping_status":"closed","sticky":false,"template":"","format":"standard","meta":{"footnotes":""},"categories":[253,436,440,439],"tags":[],"class_list":["post-144415","post","type-post","status-publish","format-standard","has-post-thumbnail","hentry","category-cidade","category-destaque-da-semana","category-destaques-do-dia","category-ultima-hora"],"_links":{"self":[{"href":"https:\/\/diarioregionaldigital.com.br\/index.php?rest_route=\/wp\/v2\/posts\/144415","targetHints":{"allow":["GET"]}}],"collection":[{"href":"https:\/\/diarioregionaldigital.com.br\/index.php?rest_route=\/wp\/v2\/posts"}],"about":[{"href":"https:\/\/diarioregionaldigital.com.br\/index.php?rest_route=\/wp\/v2\/types\/post"}],"author":[{"embeddable":true,"href":"https:\/\/diarioregionaldigital.com.br\/index.php?rest_route=\/wp\/v2\/users\/96"}],"replies":[{"embeddable":true,"href":"https:\/\/diarioregionaldigital.com.br\/index.php?rest_route=%2Fwp%2Fv2%2Fcomments&post=144415"}],"version-history":[{"count":0,"href":"https:\/\/diarioregionaldigital.com.br\/index.php?rest_route=\/wp\/v2\/posts\/144415\/revisions"}],"wp:featuredmedia":[{"embeddable":true,"href":"https:\/\/diarioregionaldigital.com.br\/index.php?rest_route=\/wp\/v2\/media\/144416"}],"wp:attachment":[{"href":"https:\/\/diarioregionaldigital.com.br\/index.php?rest_route=%2Fwp%2Fv2%2Fmedia&parent=144415"}],"wp:term":[{"taxonomy":"category","embeddable":true,"href":"https:\/\/diarioregionaldigital.com.br\/index.php?rest_route=%2Fwp%2Fv2%2Fcategories&post=144415"},{"taxonomy":"post_tag","embeddable":true,"href":"https:\/\/diarioregionaldigital.com.br\/index.php?rest_route=%2Fwp%2Fv2%2Ftags&post=144415"}],"curies":[{"name":"wp","href":"https:\/\/api.w.org\/{rel}","templated":true}]}}