{"id":144397,"date":"2019-07-22T17:14:00","date_gmt":"2019-07-22T20:14:00","guid":{"rendered":"https:\/\/diarioregionaldigital.com.br\/?p=144397"},"modified":"2019-07-22T17:14:00","modified_gmt":"2019-07-22T20:14:00","slug":"alison-e-alvaro-filho-vencem-final-brasileira-e-sao-ouro","status":"publish","type":"post","link":"https:\/\/diarioregionaldigital.com.br\/?p=144397","title":{"rendered":"Alison e \u00c1lvaro Filho vencem final brasileira e s\u00e3o ouro"},"content":{"rendered":"<p>As areias de Espinho, Portugal, deram espa\u00e7o para uma festa brasileira. Alison e \u00c1lvaro Filho venceram os compatriotas Andr\u00e9 e George por dois sets a um (21-13, 15-21,15-9) e conquistaram a Etapa de Espinho do Circuito Mundial de V\u00f4lei de Praia.<\/p>\n<p>A partida foi uma revanche da primeira fase da competi\u00e7\u00e3o. Alison e \u00c1lvaro Filho foram enviados para a repescagem por Andr\u00e9 e George, mas na final levaram a melhor.<\/p>\n<p>Depois da derrota, a dupla que viria a ser campe\u00e3 n\u00e3o perdeu mais um set at\u00e9 a final. Deixaram Thole\/Wickler, atuais vice-campe\u00f5es do mundo, Nicolai\/Lupo, vice-campe\u00f5es ol\u00edmpicos, e Plavins\/Tocs, que haviam eliminado Evandro\/Bruno Schmidt, pelo caminho.<\/p>\n<p>Foi segundo t\u00edtulo de Alison desde que formou dupla com \u00c1lvaro Filho em mar\u00e7o deste ano. Em maio, venceram a etapa de Kuala Lumpur, Mal\u00e1sia, no segundo grande torneio dos dois juntos, pouco depois de estrearem na etapa de Xiamen, China. Desde ent\u00e3o, tiveram mais dificuldades: Espinho foi a primeira vez desde ent\u00e3o que passaram das quartas-de-final.<\/p>\n<p>\u201cEstou muito feliz, \u00e9 um momento muito importante para nossa dupla. Nos juntamos h\u00e1 pouco tempo e por isso n\u00e3o foi poss\u00edvel realizar muitos treinamentos. O time est\u00e1 se encaixando e crescendo dentro do Circuito Mundial, no meio das competi\u00e7\u00f5es. A dupla de Andr\u00e9 e George \u00e9 muito forte, um time novo, jovens com potencial f\u00edsico muito grande e que est\u00e1 fazendo um bom trabalho tamb\u00e9m. Quem ganha com isso \u00e9 o Brasil\u201d, disse Alison ap\u00f3s a vit\u00f3ria.<\/p>\n<p>A final brasileira repetiu outro duelo brasileiro por medalha em Espinho. Ontem, Ana Patr\u00edcia e Rebecca venceram Agatha e Duda na disputa do bronze no feminino.<\/p>\n<p>Ao todo, 10 duplas brasileiras no masculino e feminino disputaram a etapa de Espinho. Maria Antonelli e Carol foram as primeiras a cair, na disputa com Talita e Taiana Lima pela \u00faltima vaga brasileira. Elas cairiam na fase seguinte.<\/p>\n<p>B\u00e1rbara e Fernanda foram eliminadas por Agatha e Duda nas oitavas.<\/p>\n<p>No masculino, al\u00e9m dos finalistas, Evandro e Bruno Schmidt ficaram nas quartas ap\u00f3s eliminarem Saymon e Guto nas oitavas. Pedro Solberg e Vitor Felipe ca\u00edram na repescagem.<\/p>\n<p>Fonte: Olimp\u00edada Todo Dia<\/p>\n","protected":false},"excerpt":{"rendered":"<p>As areias de Espinho, Portugal, deram espa\u00e7o para uma festa brasileira. Alison e \u00c1lvaro Filho venceram os compatriotas Andr\u00e9 e George por dois sets a um (21-13, 15-21,15-9) e conquistaram a Etapa de Espinho do Circuito Mundial de V\u00f4lei de Praia. A partida foi uma revanche da primeira fase da competi\u00e7\u00e3o. Alison e \u00c1lvaro Filho [&hellip;]<\/p>\n","protected":false},"author":96,"featured_media":144398,"comment_status":"closed","ping_status":"closed","sticky":false,"template":"","format":"standard","meta":{"footnotes":""},"categories":[436,257,439],"tags":[],"class_list":["post-144397","post","type-post","status-publish","format-standard","has-post-thumbnail","hentry","category-destaque-da-semana","category-esporte","category-ultima-hora"],"_links":{"self":[{"href":"https:\/\/diarioregionaldigital.com.br\/index.php?rest_route=\/wp\/v2\/posts\/144397","targetHints":{"allow":["GET"]}}],"collection":[{"href":"https:\/\/diarioregionaldigital.com.br\/index.php?rest_route=\/wp\/v2\/posts"}],"about":[{"href":"https:\/\/diarioregionaldigital.com.br\/index.php?rest_route=\/wp\/v2\/types\/post"}],"author":[{"embeddable":true,"href":"https:\/\/diarioregionaldigital.com.br\/index.php?rest_route=\/wp\/v2\/users\/96"}],"replies":[{"embeddable":true,"href":"https:\/\/diarioregionaldigital.com.br\/index.php?rest_route=%2Fwp%2Fv2%2Fcomments&post=144397"}],"version-history":[{"count":0,"href":"https:\/\/diarioregionaldigital.com.br\/index.php?rest_route=\/wp\/v2\/posts\/144397\/revisions"}],"wp:featuredmedia":[{"embeddable":true,"href":"https:\/\/diarioregionaldigital.com.br\/index.php?rest_route=\/wp\/v2\/media\/144398"}],"wp:attachment":[{"href":"https:\/\/diarioregionaldigital.com.br\/index.php?rest_route=%2Fwp%2Fv2%2Fmedia&parent=144397"}],"wp:term":[{"taxonomy":"category","embeddable":true,"href":"https:\/\/diarioregionaldigital.com.br\/index.php?rest_route=%2Fwp%2Fv2%2Fcategories&post=144397"},{"taxonomy":"post_tag","embeddable":true,"href":"https:\/\/diarioregionaldigital.com.br\/index.php?rest_route=%2Fwp%2Fv2%2Ftags&post=144397"}],"curies":[{"name":"wp","href":"https:\/\/api.w.org\/{rel}","templated":true}]}}