{"id":144386,"date":"2019-07-22T15:48:07","date_gmt":"2019-07-22T18:48:07","guid":{"rendered":"https:\/\/diarioregionaldigital.com.br\/?p=144386"},"modified":"2019-07-22T15:48:07","modified_gmt":"2019-07-22T18:48:07","slug":"bolsonaro-diz-que-apoia-suspensao-da-tabela-do-frete","status":"publish","type":"post","link":"https:\/\/diarioregionaldigital.com.br\/?p=144386","title":{"rendered":"Bolsonaro diz que apoia suspens\u00e3o da tabela do frete"},"content":{"rendered":"<p>O presidente Jair Bolsonaro disse hoje (22) que apoia a decis\u00e3o do ministro da Infraestrutura, Tarc\u00edsio Freitas, de suspender a nova tabela do frete. O\u00a0minist\u00e9rio\u00a0solicitou \u00e0 Ag\u00eancia Nacional de Transportes Terrestres (ANTT) que delibere sobre a suspens\u00e3o cautelar das novas regras para o c\u00e1lculo do frete m\u00ednimo de transporte de cargas, em vigor desde o dia 20.<\/p>\n<p>\u201cSe ele [Tarc\u00edsio] revogou a nova tabela, a decis\u00e3o \u00e9 dele. Todo o nosso governo apoia a decis\u00e3o tomada nos limites dado ao ministro Tarc\u00edsio\u201d, afirmou o presidente, ap\u00f3s almo\u00e7o com oficiais-generais da Aeron\u00e1utica.<\/p>\n<p>Por meio de nota, o minist\u00e9rio disse que as novas regras causaram \u201cinsatisfa\u00e7\u00e3o em parcela significativa dos agentes de transporte&#8221;, e que &#8220;diferen\u00e7as conceituais&#8221; quanto ao valor do frete e do piso m\u00ednimo devem ser discutidas novamente com a categoria.<\/p>\n<p>No of\u00edcio encaminhado \u00e0 ANTT, o ministro Tarc\u00edsio Gomes de Freitas diz que &#8220;o di\u00e1logo segue sendo o principal mecanismo com o qual vamos buscar o consenso no setor de transportes de cargas. Por isso a import\u00e2ncia em dar continuidade \u00e0s reuni\u00f5es. Estamos desde o in\u00edcio do ano com as portas abertas no minist\u00e9rio e esta tem sido a melhor forma de dar transpar\u00eancias \u00e0s decis\u00f5es que est\u00e3o sendo tomadas em conjunto&#8221;.<\/p>\n<h2>Conselhos<\/h2>\n<p>Perguntado sobre o decreto presidencial publicado hoje, no\u00a0<em>Di\u00e1rio Oficial da Uni\u00e3o<\/em>, que diminui de 31 para 14 o n\u00famero de membros do\u00a0Conselho Nacional de Pol\u00edticas sobre Drogas\u00a0(Conad), extinguindo a participa\u00e7\u00e3o da sociedade civil no \u00f3rg\u00e3o, Bolsonaro disse que pretende enxugar ou extinguir a grande maioria deles.<\/p>\n<p>\u201cComo regra, a gente n\u00e3o pode ter conselho que n\u00e3o decide nada. Dada a quantidade de pessoas envolvidas, a decis\u00e3o \u00e9 quase imposs\u00edvel de ser tomada. Ent\u00e3o queremos enxugar os conselhos, extinguir a grande maioria deles, para que o governo possa funcionar. N\u00e3o podemos ficar ref\u00e9m de conselhos, muitos deles com pessoas indicadas por outros governos\u201d.<\/p>\n<p>Com a entrada em vigor do Decreto n\u00ba 9.926, perdem assento no conselho oito entidades que tinham direito a indicar um representante: a Ordem dos Advogados do Brasil, os Conselhos Federais de Medicina, de Psicologia, de Servi\u00e7o Social, de Enfermagem e de Educa\u00e7\u00e3o, a Uni\u00e3o Nacional dos Estudantes e a Sociedade Brasileira para o Progresso da Ci\u00eancia.<\/p>\n<p>O Conad tamb\u00e9m deixa de contar com a participa\u00e7\u00e3o de cinco profissionais antes indicados pelos ministros que presidiam o conselho: um jornalista; um antrop\u00f3logo; um representante da classe art\u00edstica e dois representantes de entidades do terceiro setor. Pela antiga regulamenta\u00e7\u00e3o, esses cinco assentos deviam ser ocupados por \u201cprofissionais ou especialistas, de manifesta sensibilidade na quest\u00e3o das drogas\u201d.<\/p>\n<p>A mudan\u00e7a segue a pol\u00edtica j\u00e1 implementada em outros conselhos, como o Conselho Nacional do Meio Ambiente e o Conselho Superior do Cinema.<\/p>\n<p>Fonte: Ag\u00eancia Brasil<\/p>\n","protected":false},"excerpt":{"rendered":"<p>O presidente Jair Bolsonaro disse hoje (22) que apoia a decis\u00e3o do ministro da Infraestrutura, Tarc\u00edsio Freitas, de suspender a nova tabela do frete. O\u00a0minist\u00e9rio\u00a0solicitou \u00e0 Ag\u00eancia Nacional de Transportes Terrestres (ANTT) que delibere sobre a suspens\u00e3o cautelar das novas regras para o c\u00e1lculo do frete m\u00ednimo de transporte de cargas, em vigor desde o [&hellip;]<\/p>\n","protected":false},"author":96,"featured_media":144387,"comment_status":"closed","ping_status":"closed","sticky":false,"template":"","format":"standard","meta":{"footnotes":""},"categories":[436,254,439],"tags":[],"class_list":["post-144386","post","type-post","status-publish","format-standard","has-post-thumbnail","hentry","category-destaque-da-semana","category-politica","category-ultima-hora"],"_links":{"self":[{"href":"https:\/\/diarioregionaldigital.com.br\/index.php?rest_route=\/wp\/v2\/posts\/144386","targetHints":{"allow":["GET"]}}],"collection":[{"href":"https:\/\/diarioregionaldigital.com.br\/index.php?rest_route=\/wp\/v2\/posts"}],"about":[{"href":"https:\/\/diarioregionaldigital.com.br\/index.php?rest_route=\/wp\/v2\/types\/post"}],"author":[{"embeddable":true,"href":"https:\/\/diarioregionaldigital.com.br\/index.php?rest_route=\/wp\/v2\/users\/96"}],"replies":[{"embeddable":true,"href":"https:\/\/diarioregionaldigital.com.br\/index.php?rest_route=%2Fwp%2Fv2%2Fcomments&post=144386"}],"version-history":[{"count":0,"href":"https:\/\/diarioregionaldigital.com.br\/index.php?rest_route=\/wp\/v2\/posts\/144386\/revisions"}],"wp:featuredmedia":[{"embeddable":true,"href":"https:\/\/diarioregionaldigital.com.br\/index.php?rest_route=\/wp\/v2\/media\/144387"}],"wp:attachment":[{"href":"https:\/\/diarioregionaldigital.com.br\/index.php?rest_route=%2Fwp%2Fv2%2Fmedia&parent=144386"}],"wp:term":[{"taxonomy":"category","embeddable":true,"href":"https:\/\/diarioregionaldigital.com.br\/index.php?rest_route=%2Fwp%2Fv2%2Fcategories&post=144386"},{"taxonomy":"post_tag","embeddable":true,"href":"https:\/\/diarioregionaldigital.com.br\/index.php?rest_route=%2Fwp%2Fv2%2Ftags&post=144386"}],"curies":[{"name":"wp","href":"https:\/\/api.w.org\/{rel}","templated":true}]}}