{"id":144383,"date":"2019-07-22T14:46:01","date_gmt":"2019-07-22T17:46:01","guid":{"rendered":"https:\/\/diarioregionaldigital.com.br\/?p=144383"},"modified":"2019-07-22T14:46:01","modified_gmt":"2019-07-22T17:46:01","slug":"confianca-da-industria-recua-17-ponto-na-previa-de-julho-diz-fgv","status":"publish","type":"post","link":"https:\/\/diarioregionaldigital.com.br\/?p=144383","title":{"rendered":"Confian\u00e7a da ind\u00fastria recua 1,7 ponto na pr\u00e9via de julho, diz FGV"},"content":{"rendered":"<p>O \u00cdndice de Confian\u00e7a da Ind\u00fastria recuou 1,7 ponto na pr\u00e9via de julho deste ano, na compara\u00e7\u00e3o com o n\u00famero consolidado de junho, e chegou a 94 pontos, em uma escala de zero a 200 pontos. O dado foi divulgado nessa sexta-feira (22) pela Funda\u00e7\u00e3o Getulio Vargas (FGV).<\/p>\n<p>De acordo com a FGV, o recuo foi provocado pela avalia\u00e7\u00e3o dos empres\u00e1rios da ind\u00fastria em rela\u00e7\u00e3o ao presente e ao futuro. O \u00cdndice da Situa\u00e7\u00e3o Atual, que mede o presente, recuou 2,5 pontos, para 94,1 pontos, o menor valor desde outubro de 2018 (93,4 pontos).<\/p>\n<p>O \u00cdndice de Expectativas, que mede a confian\u00e7a no futuro, caiu 0,9 ponto, para 93,9 pontos, o menor n\u00edvel desde julho de 2017 (93,1 pontos).<\/p>\n<p>O resultado preliminar de julho sinaliza aumento de 0,6 ponto percentual do N\u00edvel de Utiliza\u00e7\u00e3o da Capacidade Instalada da Ind\u00fastria (Nuci), para 75,6%.<\/p>\n<p>Fonte: Ag\u00eancia Brasil<\/p>\n","protected":false},"excerpt":{"rendered":"<p>O \u00cdndice de Confian\u00e7a da Ind\u00fastria recuou 1,7 ponto na pr\u00e9via de julho deste ano, na compara\u00e7\u00e3o com o n\u00famero consolidado de junho, e chegou a 94 pontos, em uma escala de zero a 200 pontos. O dado foi divulgado nessa sexta-feira (22) pela Funda\u00e7\u00e3o Getulio Vargas (FGV). De acordo com a FGV, o recuo [&hellip;]<\/p>\n","protected":false},"author":96,"featured_media":144384,"comment_status":"closed","ping_status":"closed","sticky":false,"template":"","format":"standard","meta":{"footnotes":""},"categories":[436,261,439],"tags":[],"class_list":["post-144383","post","type-post","status-publish","format-standard","has-post-thumbnail","hentry","category-destaque-da-semana","category-economia","category-ultima-hora"],"_links":{"self":[{"href":"https:\/\/diarioregionaldigital.com.br\/index.php?rest_route=\/wp\/v2\/posts\/144383","targetHints":{"allow":["GET"]}}],"collection":[{"href":"https:\/\/diarioregionaldigital.com.br\/index.php?rest_route=\/wp\/v2\/posts"}],"about":[{"href":"https:\/\/diarioregionaldigital.com.br\/index.php?rest_route=\/wp\/v2\/types\/post"}],"author":[{"embeddable":true,"href":"https:\/\/diarioregionaldigital.com.br\/index.php?rest_route=\/wp\/v2\/users\/96"}],"replies":[{"embeddable":true,"href":"https:\/\/diarioregionaldigital.com.br\/index.php?rest_route=%2Fwp%2Fv2%2Fcomments&post=144383"}],"version-history":[{"count":0,"href":"https:\/\/diarioregionaldigital.com.br\/index.php?rest_route=\/wp\/v2\/posts\/144383\/revisions"}],"wp:featuredmedia":[{"embeddable":true,"href":"https:\/\/diarioregionaldigital.com.br\/index.php?rest_route=\/wp\/v2\/media\/144384"}],"wp:attachment":[{"href":"https:\/\/diarioregionaldigital.com.br\/index.php?rest_route=%2Fwp%2Fv2%2Fmedia&parent=144383"}],"wp:term":[{"taxonomy":"category","embeddable":true,"href":"https:\/\/diarioregionaldigital.com.br\/index.php?rest_route=%2Fwp%2Fv2%2Fcategories&post=144383"},{"taxonomy":"post_tag","embeddable":true,"href":"https:\/\/diarioregionaldigital.com.br\/index.php?rest_route=%2Fwp%2Fv2%2Ftags&post=144383"}],"curies":[{"name":"wp","href":"https:\/\/api.w.org\/{rel}","templated":true}]}}