{"id":144316,"date":"2019-07-20T07:07:01","date_gmt":"2019-07-20T10:07:01","guid":{"rendered":"https:\/\/diarioregionaldigital.com.br\/?p=144316"},"modified":"2019-07-20T09:52:59","modified_gmt":"2019-07-20T12:52:59","slug":"embargo-dos-eua-contra-ira-afeta-empresas-brasileiras-diz-bolsonaro","status":"publish","type":"post","link":"https:\/\/diarioregionaldigital.com.br\/?p=144316","title":{"rendered":"Embargo dos EUA contra Ir\u00e3 afeta empresas brasileiras, diz Bolsonaro"},"content":{"rendered":"<p>O presidente Jair Bolsonaro afirmou nessa sexta-feira (19) que empresas brasileiras foram alertadas, pelo governo, sobre embargos econ\u00f4micos impostos pelos Estados Unidos contra o\u00a0Ir\u00e3, que podem afetar as rela\u00e7\u00f5es comerciais entre o Brasil e o pa\u00eds isl\u00e2mico. O presidente abordou o assunto ao ser questionado sobre a recusa da Petrobras em\u00a0abastecer dois navios iranianos que est\u00e3o, desde junho, ancorados pr\u00f3ximos ao Porto de Paranagu\u00e1 (PR). Com isso, eles ficam impedidos de retornar ao pa\u00eds de origem. A\u00a0Petrobras teme violar a legisla\u00e7\u00e3o norte-americana devido ao embargo, o que poderia trazer graves preju\u00edzos para a empresa, que \u00e9 grande exportadora de petr\u00f3leo para os EUA e possui a\u00e7\u00f5es negociadas na Bolsa de Valores de Nova York.<\/p>\n<p>&#8220;Existe esse problema, os Estados Unidos, de forma unilateral, pelo que me consta, t\u00eam embargos levantados contra o Ir\u00e3. As empresas brasileiras foram avisadas por n\u00f3s\u00a0desse problema e est\u00e3o correndo o risco neste sentido e o mundo est\u00e1 ai&#8221;, disse Bolsonaro. Ele reafirmou sua aproxima\u00e7\u00e3o do presidente dos EUA, Donald Trump, mas\u00a0ressaltou que o Brasil seguir\u00e1 sem intervir em conflitos de outros pa\u00edses.<\/p>\n<p>&#8220;Eu, particularmente, estou me aproximando cada vez mais do Trump, fui recebido duas vezes por ele, ele \u00e9 a primeira economia do mundo, segundo mercado econ\u00f4mico. E\u00a0hoje\u00a0abri para jornalistas estrangeiros que o Brasil est\u00e1 de bra\u00e7os abertos para fazermos acordos, parcerias, para o bem dos nossos povos. O Brasil \u00e9 um pa\u00eds que n\u00e3o\u00a0tem conflito em nenhum lugar do mundo, gra\u00e7as a Deus, pretendemos manter nessa linha, mas entendemos que outros pa\u00edses t\u00eam problemas e n\u00f3s aqui temos que cuidar dos\u00a0nossos em primeiro lugar&#8221;, disse.<\/p>\n<h2>Navios<\/h2>\n<p>De acordo com a administra\u00e7\u00e3o do Porto de Paranagu\u00e1, os navios iranianos Bavand e Termeh aguardam para abastecimento na ba\u00eda do porto desde o in\u00edcio\u00a0de junho.\u00a0Nenhuma das embarca\u00e7\u00f5es movimentou ou vai movimentar carga pelos terminais paranaenses, e apenas fariam o abastecimento no local. O navio Bavand aguarda ancorado em\u00a0frente ao porto. A embarca\u00e7\u00e3o j\u00e1 est\u00e1 carregada com 48 mil toneladas de milho, carga que foi operada no porto de Imbituba (SC).<\/p>\n<p>J\u00e1 o navio Termeh aguarda, desde o dia\u00a09 de junho, ancorado a cerca de 20 quil\u00f4metros do porto paranaense. A embarca\u00e7\u00e3o est\u00e1 vazia, e aguarda combust\u00edvel para seguir\u00a0rumo ao porto de Imbituba (SC), onde tamb\u00e9m receber\u00e1 uma carga de milho que ser\u00e1 exportado ao Ir\u00e3.<\/p>\n<p>Para abastecer, os navios n\u00e3o precisam atracar e recebem o combust\u00edvel por barca\u00e7as. A Petrobras \u00e9 a principal fornecedora. Procurada pela\u00a0<strong>Ag\u00eancia Brasil<\/strong>, a estatal disse que\u00a0outras empresas podem comercializar o combust\u00edvel e que o risco envolvido\u00a0na opera\u00e7\u00e3o \u00e9 de responsabilidade da empresa exportadora.<\/p>\n<p>&#8220;O risco envolvido na contrata\u00e7\u00e3o de navios sancionados deve ser de responsabilidade da empresa exportadora e n\u00e3o da Petrobras, que n\u00e3o tem qualquer rela\u00e7\u00e3o com as\u00a0atividades comerciais da exportadora. A companhia reitera que n\u00e3o \u00e9 a \u00fanica fornecedora de combust\u00edvel para embarca\u00e7\u00e3o no pa\u00eds&#8221;, afirma a empresa.<\/p>\n<p>A reportagem tamb\u00e9m tentou entrar em contato com a ag\u00eancia mar\u00edtima que representa as embarca\u00e7\u00f5es no Paran\u00e1, a Unimar, mas a empresa n\u00e3o quis comentar o assunto. O impasse tamb\u00e9m est\u00e1 sendo tratado na Justi\u00e7a.<\/p>\n<h2>Exporta\u00e7\u00f5es<\/h2>\n<p>O Ir\u00e3 \u00e9 um importante destino de produtos agr\u00edcolas brasileiros. A balan\u00e7a comercial entre os dois pa\u00edses \u00e9 amplamente favor\u00e1vel ao Brasil. Em 2018, por exemplo,\u00a0foram exportados mais de US$ 2,26 bilh\u00f5es de d\u00f3lares para o pa\u00eds isl\u00e2mico, enquanto o Brasil importou US$ 39,9 milh\u00f5es, resultando em um saldo positivo de US$ 2,22\u00a0bilh\u00f5es.<\/p>\n<p>O principal produto brasileiro vendido ao Ir\u00e3 \u00e9 justamente milho em gr\u00e3os, que representa 36% do total de exporta\u00e7\u00f5es, seguido\u00a0por\u00a0soja (34%), farelo de soja\u00a0(12%), carne bovina (12%) e \u00a0a\u00e7\u00facar de cana\u00a0(5,5%).<\/p>\n<p>Fonte: Ag\u00eancia Brasil<\/p>\n","protected":false},"excerpt":{"rendered":"<p>O presidente Jair Bolsonaro afirmou nessa sexta-feira (19) que empresas brasileiras foram alertadas, pelo governo, sobre embargos econ\u00f4micos impostos pelos Estados Unidos contra o\u00a0Ir\u00e3, que podem afetar as rela\u00e7\u00f5es comerciais entre o Brasil e o pa\u00eds isl\u00e2mico. O presidente abordou o assunto ao ser questionado sobre a recusa da Petrobras em\u00a0abastecer dois navios iranianos que [&hellip;]<\/p>\n","protected":false},"author":96,"featured_media":143001,"comment_status":"closed","ping_status":"closed","sticky":false,"template":"","format":"standard","meta":{"footnotes":""},"categories":[436,254,439],"tags":[],"class_list":["post-144316","post","type-post","status-publish","format-standard","has-post-thumbnail","hentry","category-destaque-da-semana","category-politica","category-ultima-hora"],"_links":{"self":[{"href":"https:\/\/diarioregionaldigital.com.br\/index.php?rest_route=\/wp\/v2\/posts\/144316","targetHints":{"allow":["GET"]}}],"collection":[{"href":"https:\/\/diarioregionaldigital.com.br\/index.php?rest_route=\/wp\/v2\/posts"}],"about":[{"href":"https:\/\/diarioregionaldigital.com.br\/index.php?rest_route=\/wp\/v2\/types\/post"}],"author":[{"embeddable":true,"href":"https:\/\/diarioregionaldigital.com.br\/index.php?rest_route=\/wp\/v2\/users\/96"}],"replies":[{"embeddable":true,"href":"https:\/\/diarioregionaldigital.com.br\/index.php?rest_route=%2Fwp%2Fv2%2Fcomments&post=144316"}],"version-history":[{"count":0,"href":"https:\/\/diarioregionaldigital.com.br\/index.php?rest_route=\/wp\/v2\/posts\/144316\/revisions"}],"wp:featuredmedia":[{"embeddable":true,"href":"https:\/\/diarioregionaldigital.com.br\/index.php?rest_route=\/wp\/v2\/media\/143001"}],"wp:attachment":[{"href":"https:\/\/diarioregionaldigital.com.br\/index.php?rest_route=%2Fwp%2Fv2%2Fmedia&parent=144316"}],"wp:term":[{"taxonomy":"category","embeddable":true,"href":"https:\/\/diarioregionaldigital.com.br\/index.php?rest_route=%2Fwp%2Fv2%2Fcategories&post=144316"},{"taxonomy":"post_tag","embeddable":true,"href":"https:\/\/diarioregionaldigital.com.br\/index.php?rest_route=%2Fwp%2Fv2%2Ftags&post=144316"}],"curies":[{"name":"wp","href":"https:\/\/api.w.org\/{rel}","templated":true}]}}