{"id":144289,"date":"2019-07-20T07:29:24","date_gmt":"2019-07-20T10:29:24","guid":{"rendered":"https:\/\/diarioregionaldigital.com.br\/?p=144289"},"modified":"2019-07-20T09:40:03","modified_gmt":"2019-07-20T12:40:03","slug":"revalida-tera-duas-edicoes-por-ano","status":"publish","type":"post","link":"https:\/\/diarioregionaldigital.com.br\/?p=144289","title":{"rendered":"Revalida ter\u00e1 duas edi\u00e7\u00f5es por ano"},"content":{"rendered":"<p>O Exame Nacional de Revalida\u00e7\u00e3o de Diplomas M\u00e9dicos Expedidos por Institui\u00e7\u00f5es de Educa\u00e7\u00e3o Superior Estrangeira (Revalida) passar\u00e1 a ter, pelo menos, duas edi\u00e7\u00f5es por ano. E os profissionais ter\u00e3o a oportunidade de fazer a segunda fase do processo mais de uma vez. Os an\u00fancios foram feitos nessa sexta-feira (19) pelo Minist\u00e9rio da Educa\u00e7\u00e3o (MEC).<\/p>\n<p>Segundo a pasta, as provas continuar\u00e3o sendo realizadas como antes, em duas etapas. A primeira com uma prova objetiva e a segunda com prova pr\u00e1tica, em uma esta\u00e7\u00e3o cl\u00ednica. A diferen\u00e7a, agora, \u00e9 que o aluno que reprovar a segunda fase pode refaz\u00ea-la por mais duas vezes em edi\u00e7\u00f5es consecutivas. At\u00e9 agora, o candidato precisava realizar todo o processo desde o in\u00edcio.<\/p>\n<p>A previs\u00e3o do MEC \u00e9 que publica\u00e7\u00e3o da portaria para instituir o Novo Revalida e do edital ocorram ainda este ano.<\/p>\n<h2>Diploma<\/h2>\n<p>O Revalida reconhece os diplomas de m\u00e9dicos que se formaram no exterior e querem trabalhar no Brasil. O exame \u00e9 feito tanto por estrangeiros formados em medicina fora do Brasil, quanto por brasileiros que se graduaram em outro pa\u00eds e querem exercer a profiss\u00e3o em sua terra natal.<\/p>\n<p>O conte\u00fado das duas provas abrange as cinco grandes \u00e1reas da medicina: cl\u00ednica m\u00e9dica, cirurgia, ginecologia e obstetr\u00edcia, pediatria, medicina da fam\u00edlia e comunit\u00e1ria. Na parte pr\u00e1tica, uma banca examinadora avalia habilidade de comunica\u00e7\u00e3o, racioc\u00ednio cl\u00ednico e tomada de decis\u00f5es.<\/p>\n<h2>Universidade<\/h2>\n<p>Ap\u00f3s passar nas duas etapas, o candidato precisar\u00e1 revalidar o diploma em uma universidade p\u00fablica brasileira. A pasta explica que a revalida\u00e7\u00e3o pode precisar de uma complementa\u00e7\u00e3o de grade curricular. Um profissional que se formou em Harvard, nos Estados Unidos, por exemplo, n\u00e3o estudou sobre dengue e demais doen\u00e7as tropicais e, por isso, precisar\u00e1 complementar a forma\u00e7\u00e3o.<\/p>\n<p>A universidade \u00e9 quem vai definir se h\u00e1 ou n\u00e3o a necessidade de complementa\u00e7\u00e3o. S\u00f3 depois desse processo o candidato pode ir a um conselho de medicina para requisitar o registro.<\/p>\n<p>Outra mudan\u00e7a anunciada pelo MEC \u00e9 a organizadora do processo. O Revalida, que estava sob a compet\u00eancia do Instituto Nacional de Estudos e Pesquisas Educacionais An\u00edsio Teixeira (Inep), passa a ser de responsabilidade da Secretaria de Educa\u00e7\u00e3o Superior do MEC, com colabora\u00e7\u00e3o do Conselho Federal de Medicina (CFM).<\/p>\n<p>O Revalida \u00e9 considerado uma prova dif\u00edcil. Ao todo, foram sete edi\u00e7\u00f5es desde 2011, quando o exame foi criado, at\u00e9 2017, com um total de 24.327 inscri\u00e7\u00f5es e aprova\u00e7\u00e3o de 6.544 candidatos para a segunda etapa do exame.<\/p>\n<p>Fonte: Ag\u00eancia Brasil<\/p>\n","protected":false},"excerpt":{"rendered":"<p>O Exame Nacional de Revalida\u00e7\u00e3o de Diplomas M\u00e9dicos Expedidos por Institui\u00e7\u00f5es de Educa\u00e7\u00e3o Superior Estrangeira (Revalida) passar\u00e1 a ter, pelo menos, duas edi\u00e7\u00f5es por ano. E os profissionais ter\u00e3o a oportunidade de fazer a segunda fase do processo mais de uma vez. Os an\u00fancios foram feitos nessa sexta-feira (19) pelo Minist\u00e9rio da Educa\u00e7\u00e3o (MEC). Segundo [&hellip;]<\/p>\n","protected":false},"author":96,"featured_media":144290,"comment_status":"closed","ping_status":"closed","sticky":false,"template":"","format":"standard","meta":{"footnotes":""},"categories":[302,436,439],"tags":[],"class_list":["post-144289","post","type-post","status-publish","format-standard","has-post-thumbnail","hentry","category-brasil-mundo","category-destaque-da-semana","category-ultima-hora"],"_links":{"self":[{"href":"https:\/\/diarioregionaldigital.com.br\/index.php?rest_route=\/wp\/v2\/posts\/144289","targetHints":{"allow":["GET"]}}],"collection":[{"href":"https:\/\/diarioregionaldigital.com.br\/index.php?rest_route=\/wp\/v2\/posts"}],"about":[{"href":"https:\/\/diarioregionaldigital.com.br\/index.php?rest_route=\/wp\/v2\/types\/post"}],"author":[{"embeddable":true,"href":"https:\/\/diarioregionaldigital.com.br\/index.php?rest_route=\/wp\/v2\/users\/96"}],"replies":[{"embeddable":true,"href":"https:\/\/diarioregionaldigital.com.br\/index.php?rest_route=%2Fwp%2Fv2%2Fcomments&post=144289"}],"version-history":[{"count":0,"href":"https:\/\/diarioregionaldigital.com.br\/index.php?rest_route=\/wp\/v2\/posts\/144289\/revisions"}],"wp:featuredmedia":[{"embeddable":true,"href":"https:\/\/diarioregionaldigital.com.br\/index.php?rest_route=\/wp\/v2\/media\/144290"}],"wp:attachment":[{"href":"https:\/\/diarioregionaldigital.com.br\/index.php?rest_route=%2Fwp%2Fv2%2Fmedia&parent=144289"}],"wp:term":[{"taxonomy":"category","embeddable":true,"href":"https:\/\/diarioregionaldigital.com.br\/index.php?rest_route=%2Fwp%2Fv2%2Fcategories&post=144289"},{"taxonomy":"post_tag","embeddable":true,"href":"https:\/\/diarioregionaldigital.com.br\/index.php?rest_route=%2Fwp%2Fv2%2Ftags&post=144289"}],"curies":[{"name":"wp","href":"https:\/\/api.w.org\/{rel}","templated":true}]}}