{"id":144287,"date":"2019-07-20T07:24:17","date_gmt":"2019-07-20T10:24:17","guid":{"rendered":"https:\/\/diarioregionaldigital.com.br\/?p=144287"},"modified":"2019-07-20T09:40:11","modified_gmt":"2019-07-20T12:40:11","slug":"eduardo-ramos-diz-que-vai-manter-boas-relacoes-com-parlamentares","status":"publish","type":"post","link":"https:\/\/diarioregionaldigital.com.br\/?p=144287","title":{"rendered":"Eduardo Ramos diz que vai manter boas rela\u00e7\u00f5es com parlamentares"},"content":{"rendered":"<p>O ministro da Secretaria de Governo da Presid\u00eancia da Rep\u00fablica, Luiz Eduardo Ramos, disse nessa sexta-feira (19), que pretende manter uma boa rela\u00e7\u00e3o com os parlamentares de todo o espectro pol\u00edtico. \u201cO \u00f3dio n\u00e3o constr\u00f3i, s\u00f3 destr\u00f3i. O amor, a tranquilidade, a serenidade, ajudam a diminuir as tens\u00f5es. \u00c9 sob esse vi\u00e9s que eu vou fazer o meu trabalho, independente de partidos\u201d, ressaltou ao participar de um almo\u00e7o com empres\u00e1rios.<\/p>\n<p>Ramos defendeu a busca de entendimento com grupos que t\u00eam linhas de pensamento diferente para construir propostas para os problemas do pa\u00eds. \u201cA solu\u00e7\u00e3o em que eu acredito \u00e9 no di\u00e1logo e na transpar\u00eancia do debate, no convencimento, e aceitando tamb\u00e9m ideias que n\u00e3o s\u00e3o totalmente as que n\u00f3s concordamos. Mas que n\u00f3s possamos, mesmo com opini\u00f5es divergentes, construir solu\u00e7\u00f5es convergentes para o melhor do Brasil\u201d, disse.<\/p>\n<p>H\u00e1 cerca de um m\u00eas no cargo, respons\u00e1vel pela articula\u00e7\u00e3o pol\u00edtica do governo, o ministro disse que tem conversado com um grande n\u00famero de deputados e senadores. \u201cConversei muito esses dias. Foi intenso, muita gente me procurando. E o que eu percebo, sem ser o otimista exagerado, n\u00f3s estamos em um momento de alinhamento dos astros para que o pa\u00eds saia dessa situa\u00e7\u00e3o em que n\u00f3s estamos\u201d, disse.<\/p>\n<h2>Reformas<\/h2>\n<p>Ramos disse ainda estar certo que a reforma da Previd\u00eancia ser\u00e1 aprovada no Congresso e que conversou sobre o assunto com o presidente do Senado, Davi Alcolumbre. O texto foi aprovado em primeira vota\u00e7\u00e3o na C\u00e2mara, onde ainda dever\u00e1 ser apreciada uma segunda vez antes de ir para a an\u00e1lise dos senadores, tamb\u00e9m em duas vota\u00e7\u00f5es. \u201cN\u00e3o temam, empres\u00e1rios, a reforma da Previd\u00eancia ser\u00e1 aprovada para o bem do Brasil\u201d, afirmou.<\/p>\n<p>A mudan\u00e7a nos sistemas de aposentadorias \u00e9, no entanto, apenas o in\u00edcio de um processo, na vis\u00e3o do ministro. \u201cA reforma da Previd\u00eancia n\u00e3o \u00e9 a solu\u00e7\u00e3o para todos os problemas. Ela faz parte, \u00e9 a base para dar credibilidade a v\u00e1rias outras \u00e1reas\u201d.<\/p>\n<p>Outro ponto fundamental da agenda, na avalia\u00e7\u00e3o de Ramos, \u00e9 a reforma tribut\u00e1ria. \u201cA reforma tribut\u00e1ria tem um impacto quase do mesmo n\u00edvel com rela\u00e7\u00e3o a recursos. O Brasil precisa dessa reforma. \u00c9 uma guerra de tributos que dificulta\u201d.<\/p>\n<p>Fonte: Ag\u00eancia Brasil<\/p>\n","protected":false},"excerpt":{"rendered":"<p>O ministro da Secretaria de Governo da Presid\u00eancia da Rep\u00fablica, Luiz Eduardo Ramos, disse nessa sexta-feira (19), que pretende manter uma boa rela\u00e7\u00e3o com os parlamentares de todo o espectro pol\u00edtico. \u201cO \u00f3dio n\u00e3o constr\u00f3i, s\u00f3 destr\u00f3i. O amor, a tranquilidade, a serenidade, ajudam a diminuir as tens\u00f5es. \u00c9 sob esse vi\u00e9s que eu vou [&hellip;]<\/p>\n","protected":false},"author":96,"featured_media":97343,"comment_status":"closed","ping_status":"closed","sticky":false,"template":"","format":"standard","meta":{"footnotes":""},"categories":[436,254,439],"tags":[],"class_list":["post-144287","post","type-post","status-publish","format-standard","has-post-thumbnail","hentry","category-destaque-da-semana","category-politica","category-ultima-hora"],"_links":{"self":[{"href":"https:\/\/diarioregionaldigital.com.br\/index.php?rest_route=\/wp\/v2\/posts\/144287","targetHints":{"allow":["GET"]}}],"collection":[{"href":"https:\/\/diarioregionaldigital.com.br\/index.php?rest_route=\/wp\/v2\/posts"}],"about":[{"href":"https:\/\/diarioregionaldigital.com.br\/index.php?rest_route=\/wp\/v2\/types\/post"}],"author":[{"embeddable":true,"href":"https:\/\/diarioregionaldigital.com.br\/index.php?rest_route=\/wp\/v2\/users\/96"}],"replies":[{"embeddable":true,"href":"https:\/\/diarioregionaldigital.com.br\/index.php?rest_route=%2Fwp%2Fv2%2Fcomments&post=144287"}],"version-history":[{"count":0,"href":"https:\/\/diarioregionaldigital.com.br\/index.php?rest_route=\/wp\/v2\/posts\/144287\/revisions"}],"wp:featuredmedia":[{"embeddable":true,"href":"https:\/\/diarioregionaldigital.com.br\/index.php?rest_route=\/wp\/v2\/media\/97343"}],"wp:attachment":[{"href":"https:\/\/diarioregionaldigital.com.br\/index.php?rest_route=%2Fwp%2Fv2%2Fmedia&parent=144287"}],"wp:term":[{"taxonomy":"category","embeddable":true,"href":"https:\/\/diarioregionaldigital.com.br\/index.php?rest_route=%2Fwp%2Fv2%2Fcategories&post=144287"},{"taxonomy":"post_tag","embeddable":true,"href":"https:\/\/diarioregionaldigital.com.br\/index.php?rest_route=%2Fwp%2Fv2%2Ftags&post=144287"}],"curies":[{"name":"wp","href":"https:\/\/api.w.org\/{rel}","templated":true}]}}