{"id":144282,"date":"2019-07-19T11:53:58","date_gmt":"2019-07-19T14:53:58","guid":{"rendered":"https:\/\/diarioregionaldigital.com.br\/?p=144282"},"modified":"2019-11-30T05:59:59","modified_gmt":"2019-11-30T07:59:59","slug":"in-moda-19","status":"publish","type":"post","link":"https:\/\/diarioregionaldigital.com.br\/?p=144282","title":{"rendered":"In Moda"},"content":{"rendered":"<p style=\"text-align: center\"><span style=\"font-size: 14pt\">PRETINHO NADA B\u00c1SICO<\/span><\/p>\n<p style=\"text-align: center\"><span style=\"font-size: 14pt\">O preto ainda \u00e9 o cl\u00e1ssico queridinho de todo mundo e fica super bem<\/span><br \/>\n<span style=\"font-size: 14pt\">vindo \u00e9 quando usado com t\u00eanis traz<\/span><br \/>\n<span style=\"font-size: 14pt\">um ar despojado que ajuda a desconstruir aquela cara de escrit\u00f3rio e<\/span><br \/>\n<span style=\"font-size: 14pt\">ainda possibilita um look confort\u00e1vel<\/span><br \/>\n<span style=\"font-size: 14pt\">e elegante ao mesmo tempo.<\/span><\/p>\n<p><a href=\"https:\/\/diarioregionaldigital.com.br\/wp-content\/uploads\/2019\/07\/diario-pagina-07-11.pdf\">Clique aqui para ler a coluna completa!<\/a><\/p>\n","protected":false},"excerpt":{"rendered":"<p>PRETINHO NADA B\u00c1SICO O preto ainda \u00e9 o cl\u00e1ssico queridinho de todo mundo e fica super bem vindo \u00e9 quando usado com t\u00eanis traz um ar despojado que ajuda a desconstruir aquela cara de escrit\u00f3rio e ainda possibilita um look confort\u00e1vel e elegante ao mesmo tempo. Clique aqui para ler a coluna completa!<\/p>\n","protected":false},"author":96,"featured_media":0,"comment_status":"closed","ping_status":"closed","sticky":false,"template":"","format":"standard","meta":{"footnotes":""},"categories":[285,1],"tags":[],"class_list":["post-144282","post","type-post","status-publish","format-standard","hentry","category-moda-ana-paula-calixto","category-sem-categoria"],"_links":{"self":[{"href":"https:\/\/diarioregionaldigital.com.br\/index.php?rest_route=\/wp\/v2\/posts\/144282","targetHints":{"allow":["GET"]}}],"collection":[{"href":"https:\/\/diarioregionaldigital.com.br\/index.php?rest_route=\/wp\/v2\/posts"}],"about":[{"href":"https:\/\/diarioregionaldigital.com.br\/index.php?rest_route=\/wp\/v2\/types\/post"}],"author":[{"embeddable":true,"href":"https:\/\/diarioregionaldigital.com.br\/index.php?rest_route=\/wp\/v2\/users\/96"}],"replies":[{"embeddable":true,"href":"https:\/\/diarioregionaldigital.com.br\/index.php?rest_route=%2Fwp%2Fv2%2Fcomments&post=144282"}],"version-history":[{"count":0,"href":"https:\/\/diarioregionaldigital.com.br\/index.php?rest_route=\/wp\/v2\/posts\/144282\/revisions"}],"wp:attachment":[{"href":"https:\/\/diarioregionaldigital.com.br\/index.php?rest_route=%2Fwp%2Fv2%2Fmedia&parent=144282"}],"wp:term":[{"taxonomy":"category","embeddable":true,"href":"https:\/\/diarioregionaldigital.com.br\/index.php?rest_route=%2Fwp%2Fv2%2Fcategories&post=144282"},{"taxonomy":"post_tag","embeddable":true,"href":"https:\/\/diarioregionaldigital.com.br\/index.php?rest_route=%2Fwp%2Fv2%2Ftags&post=144282"}],"curies":[{"name":"wp","href":"https:\/\/api.w.org\/{rel}","templated":true}]}}