{"id":144275,"date":"2019-07-19T11:22:02","date_gmt":"2019-07-19T14:22:02","guid":{"rendered":"https:\/\/diarioregionaldigital.com.br\/?p=144275"},"modified":"2019-07-19T11:22:02","modified_gmt":"2019-07-19T14:22:02","slug":"governo-nao-deve-fazer-novo-contingenciamento-diz-onyx","status":"publish","type":"post","link":"https:\/\/diarioregionaldigital.com.br\/?p=144275","title":{"rendered":"Governo n\u00e3o deve fazer novo contingenciamento, diz Onyx"},"content":{"rendered":"<p>Previsto para ser anunciado na segunda-feira (22), o novo\u00a0<em>Relat\u00f3rio Bimestral de Avalia\u00e7\u00e3o de Receitas e Despesas<\/em>\u00a0n\u00e3o deve trazer um novo contingenciamento, disse ontem (18) o ministro-chefe da Casa Civil, Onyx Lorenzoni. Ao sair de uma reuni\u00e3o com o ministro da Economia, Paulo Guedes, ele declarou que o governo trabalha para evitar bloqueios de verbas.<\/p>\n<p>\u201cRecebemos um or\u00e7amento apertado e temos o desafio de continuar as a\u00e7\u00f5es do governo. Mas n\u00e3o estamos pensando em um novo contingenciamento de gastos\u201d, disse Lorenzoni no in\u00edcio da tarde. Ele e Guedes participaram de reuni\u00e3o da\u00a0Junta de Execu\u00e7\u00e3o Or\u00e7ament\u00e1ria\u00a0(JEO), \u00f3rg\u00e3o regulamentado no m\u00eas passado para acompanhar o Or\u00e7amento e definir a\u00e7\u00f5es de pol\u00edtica fiscal.<\/p>\n<p>O contingenciamento \u00e9 o bloqueio que o governo faz das despesas para cumprir a meta fiscal. Neste ano, a Lei de Diretrizes Or\u00e7ament\u00e1rias permite um d\u00e9ficit prim\u00e1rio (resultado negativo das contas do governo sem os juros da d\u00edvida p\u00fablica) de at\u00e9 R$ 139 bilh\u00f5es.<\/p>\n<p>Na semana passada, a Secretaria de Pol\u00edtica Econ\u00f4mica do Minist\u00e9rio da Economia\u00a0reduziu de 1,6% para 0,8% a previs\u00e3o de crescimento\u00a0do Produto Interno Bruto (PIB, soma dos bens e servi\u00e7os produzidos) para este ano. A nova proje\u00e7\u00e3o levar\u00e1 o governo a rever para baixo a estimativa de receitas para este ano no relat\u00f3rio a ser divulgado na segunda-feira.<\/p>\n<p>Uma sa\u00edda para evitar novos contingenciamentos \u00e9 a\u00a0utiliza\u00e7\u00e3o da reserva de emerg\u00eancia\u00a0de R$ 1,562 bilh\u00e3o que o governo ainda tem em caixa. Inicialmente de R$ 5,373 bilh\u00f5es, a reserva foi parcialmente usada em maio para liberar recursos para os Minist\u00e9rios da Educa\u00e7\u00e3o e do Meio Ambiente e para prevenir novos bloqueios no Or\u00e7amento, depois do contingenciamento de R$ 29,5 bilh\u00f5es anunciado no fim de mar\u00e7o.<\/p>\n<p>Fonte: Ag\u00eancia Brasil<\/p>\n","protected":false},"excerpt":{"rendered":"<p>Previsto para ser anunciado na segunda-feira (22), o novo\u00a0Relat\u00f3rio Bimestral de Avalia\u00e7\u00e3o de Receitas e Despesas\u00a0n\u00e3o deve trazer um novo contingenciamento, disse ontem (18) o ministro-chefe da Casa Civil, Onyx Lorenzoni. Ao sair de uma reuni\u00e3o com o ministro da Economia, Paulo Guedes, ele declarou que o governo trabalha para evitar bloqueios de verbas. \u201cRecebemos [&hellip;]<\/p>\n","protected":false},"author":96,"featured_media":144276,"comment_status":"closed","ping_status":"closed","sticky":false,"template":"","format":"standard","meta":{"footnotes":""},"categories":[436,261,439],"tags":[],"class_list":["post-144275","post","type-post","status-publish","format-standard","has-post-thumbnail","hentry","category-destaque-da-semana","category-economia","category-ultima-hora"],"_links":{"self":[{"href":"https:\/\/diarioregionaldigital.com.br\/index.php?rest_route=\/wp\/v2\/posts\/144275","targetHints":{"allow":["GET"]}}],"collection":[{"href":"https:\/\/diarioregionaldigital.com.br\/index.php?rest_route=\/wp\/v2\/posts"}],"about":[{"href":"https:\/\/diarioregionaldigital.com.br\/index.php?rest_route=\/wp\/v2\/types\/post"}],"author":[{"embeddable":true,"href":"https:\/\/diarioregionaldigital.com.br\/index.php?rest_route=\/wp\/v2\/users\/96"}],"replies":[{"embeddable":true,"href":"https:\/\/diarioregionaldigital.com.br\/index.php?rest_route=%2Fwp%2Fv2%2Fcomments&post=144275"}],"version-history":[{"count":0,"href":"https:\/\/diarioregionaldigital.com.br\/index.php?rest_route=\/wp\/v2\/posts\/144275\/revisions"}],"wp:featuredmedia":[{"embeddable":true,"href":"https:\/\/diarioregionaldigital.com.br\/index.php?rest_route=\/wp\/v2\/media\/144276"}],"wp:attachment":[{"href":"https:\/\/diarioregionaldigital.com.br\/index.php?rest_route=%2Fwp%2Fv2%2Fmedia&parent=144275"}],"wp:term":[{"taxonomy":"category","embeddable":true,"href":"https:\/\/diarioregionaldigital.com.br\/index.php?rest_route=%2Fwp%2Fv2%2Fcategories&post=144275"},{"taxonomy":"post_tag","embeddable":true,"href":"https:\/\/diarioregionaldigital.com.br\/index.php?rest_route=%2Fwp%2Fv2%2Ftags&post=144275"}],"curies":[{"name":"wp","href":"https:\/\/api.w.org\/{rel}","templated":true}]}}