{"id":144271,"date":"2019-07-19T11:16:37","date_gmt":"2019-07-19T14:16:37","guid":{"rendered":"https:\/\/diarioregionaldigital.com.br\/?p=144271"},"modified":"2019-07-19T11:16:37","modified_gmt":"2019-07-19T14:16:37","slug":"justica-mantem-desembargadores-em-processo-de-lula-sobre-sitio","status":"publish","type":"post","link":"https:\/\/diarioregionaldigital.com.br\/?p=144271","title":{"rendered":"Justi\u00e7a mant\u00e9m desembargadores em processo de Lula sobre s\u00edtio"},"content":{"rendered":"<p>O Tribunal Regional Federal da 4\u00aa Regi\u00e3o (TRF4) negou nesta quinta-feira (18) pedido feito pela defesa do ex-presidente Luiz In\u00e1cio Lula da Silva para afastar os desembargadores Jo\u00e3o Pedro Gebran Neto e Thompson Flores do julgamento do processo sobre o s\u00edtio em Atibaia (SP).<\/p>\n<p>Em fevereiro, Lula foi condenado a 12 anos e 11 meses de pris\u00e3o na a\u00e7\u00e3o penal sobre as reformas realizadas na propriedade. Ap\u00f3s a senten\u00e7a, a defesa recorreu da decis\u00e3o e tamb\u00e9m disse que os dois magistrados devem ser afastados do julgamento do caso por n\u00e3o serem imparciais.<\/p>\n<p>De acordo com os advogados, Thompson Flores n\u00e3o pode julgar o caso por ter dado declara\u00e7\u00f5es \u00e0 imprensa, quando ocupou cargo de presidente do TRF4, sobre o caso do triplex do Guaruj\u00e1 (SP), outro processo em que Lula foi condenado. Al\u00e9m disso, a defesa disse que o desembargador interferiu ilegalmente ao anular a decis\u00e3o do desembargador Rog\u00e9rio Favreto, que mandou soltar o ex-presidente no ano passado.<\/p>\n<p>Sobre Gebran Neto, a defesa disse que ele tem rela\u00e7\u00e3o \u00edntima com o ex-juiz Sergio Moro, que atuou no processo antes da senten\u00e7a proferida pela ju\u00edza Gabriela Hardt.<\/p>\n<p>Por unanimidade, ao analisar o caso, a Quarta Se\u00e7\u00e3o entendeu que Thompson Flores se manifestou na condi\u00e7\u00e3o de ex-presidente para apoiar o cumprimento das decis\u00f5es do tribunal. No caso de Gebran Neto, o colegiado decidiu arquivar a peti\u00e7\u00e3o por entender que a defesa protocolou o pedido fora do prazo processual.<\/p>\n<p>Lula est\u00e1 preso desde 7 de abril do ano passado pela primeira condena\u00e7\u00e3o no caso do triplex em Guaruj\u00e1 (SP).<\/p>\n<p>Fonte: Ag\u00eancia Brasil<\/p>\n","protected":false},"excerpt":{"rendered":"<p>O Tribunal Regional Federal da 4\u00aa Regi\u00e3o (TRF4) negou nesta quinta-feira (18) pedido feito pela defesa do ex-presidente Luiz In\u00e1cio Lula da Silva para afastar os desembargadores Jo\u00e3o Pedro Gebran Neto e Thompson Flores do julgamento do processo sobre o s\u00edtio em Atibaia (SP). Em fevereiro, Lula foi condenado a 12 anos e 11 meses [&hellip;]<\/p>\n","protected":false},"author":96,"featured_media":110731,"comment_status":"closed","ping_status":"closed","sticky":false,"template":"","format":"standard","meta":{"footnotes":""},"categories":[436,254,439],"tags":[],"class_list":["post-144271","post","type-post","status-publish","format-standard","has-post-thumbnail","hentry","category-destaque-da-semana","category-politica","category-ultima-hora"],"_links":{"self":[{"href":"https:\/\/diarioregionaldigital.com.br\/index.php?rest_route=\/wp\/v2\/posts\/144271","targetHints":{"allow":["GET"]}}],"collection":[{"href":"https:\/\/diarioregionaldigital.com.br\/index.php?rest_route=\/wp\/v2\/posts"}],"about":[{"href":"https:\/\/diarioregionaldigital.com.br\/index.php?rest_route=\/wp\/v2\/types\/post"}],"author":[{"embeddable":true,"href":"https:\/\/diarioregionaldigital.com.br\/index.php?rest_route=\/wp\/v2\/users\/96"}],"replies":[{"embeddable":true,"href":"https:\/\/diarioregionaldigital.com.br\/index.php?rest_route=%2Fwp%2Fv2%2Fcomments&post=144271"}],"version-history":[{"count":0,"href":"https:\/\/diarioregionaldigital.com.br\/index.php?rest_route=\/wp\/v2\/posts\/144271\/revisions"}],"wp:featuredmedia":[{"embeddable":true,"href":"https:\/\/diarioregionaldigital.com.br\/index.php?rest_route=\/wp\/v2\/media\/110731"}],"wp:attachment":[{"href":"https:\/\/diarioregionaldigital.com.br\/index.php?rest_route=%2Fwp%2Fv2%2Fmedia&parent=144271"}],"wp:term":[{"taxonomy":"category","embeddable":true,"href":"https:\/\/diarioregionaldigital.com.br\/index.php?rest_route=%2Fwp%2Fv2%2Fcategories&post=144271"},{"taxonomy":"post_tag","embeddable":true,"href":"https:\/\/diarioregionaldigital.com.br\/index.php?rest_route=%2Fwp%2Fv2%2Ftags&post=144271"}],"curies":[{"name":"wp","href":"https:\/\/api.w.org\/{rel}","templated":true}]}}