{"id":144167,"date":"2019-07-21T06:00:30","date_gmt":"2019-07-21T09:00:30","guid":{"rendered":"https:\/\/diarioregionaldigital.com.br\/?p=144167"},"modified":"2019-07-18T15:39:57","modified_gmt":"2019-07-18T18:39:57","slug":"gerenciamento-do-tempo","status":"publish","type":"post","link":"https:\/\/diarioregionaldigital.com.br\/?p=144167","title":{"rendered":"Gerenciamento do tempo"},"content":{"rendered":"<p>Preocupamo-nos mais com a utiliza\u00e7\u00e3o do nosso dinheiro do que com a do nosso tempo. No entanto, o dinheiro perdido hoje pode ser recuperado amanh\u00e3. E o tempo, uma vez perdido, perdido est\u00e1! O que passou, passou.<\/p>\n<p>O gerenciamento do tempo \u00e9 uma das quest\u00f5es cruciais para todo profissional. A discuss\u00e3o do tema extrapola o aspecto profissional, revelando a pessoa e o bom ou mau uso que ela faz do seu tempo e da sua energia.<\/p>\n<h3>Voc\u00ea tem medo do tempo?<\/h3>\n<p>Certa vez, em um de meus cursos, um participante me disse: \u2014 Eu gostaria de ser m\u00e9dico, mas j\u00e1 tenho 28 anos e nem entrei na faculdade&#8230; Com os seis anos do curso mais os dois de especializa\u00e7\u00e3o, quando tudo estiver terminado, j\u00e1 terei 36 anos!<\/p>\n<p>Em resposta, eu lhe perguntei: \u2014 Se n\u00e3o estudar e se tornar m\u00e9dico, que idade ter\u00e1 daqui h\u00e1 oito anos?<\/p>\n<p>A quest\u00e3o \u00e9 sempre esta: as pessoas se impressionam (ou se intimidam) com o tempo que ter\u00e3o de despender para determinadas atividades, mas n\u00e3o se d\u00e3o conta de que o tempo passa de qualquer forma, quer se empenhem na realiza\u00e7\u00e3o de alguma coisa ou n\u00e3o.<\/p>\n<p>Quando pensam em fazer algo que lhes consumir\u00e1 muito tempo, costumam assustar-se com a possibilidade de envolver-se t\u00e3o demoradamente com alguma coisa e, diante disso, desistem. Ent\u00e3o, o tempo passa e elas acabam n\u00e3o fazendo nada. Ou melhor: nada significativo, que possa fazer diferen\u00e7a na vida delas.<\/p>\n<p>Quem n\u00e3o controla o tempo n\u00e3o \u00e9 capaz de controlar a pr\u00f3pria vida, que nada mais \u00e9 do um segundo ap\u00f3s o outro.<\/p>\n<h3>A cota \u00e9 a mesma para todos<\/h3>\n<p>Todas as manh\u00e3s, recebemos 86.400 segundos para viver aquele dia. Imagine que somos normais e, desse total de segundos di\u00e1rios, utilizamos 28.800 segundos dormindo, o que representa oito horas de sono. Isso nos deixa com um saldo de 57.600 segundos\/dia.<\/p>\n<p>A diferen\u00e7a profissional est\u00e1 na forma como utilizamos estes 57.600 segundos\/dia.<\/p>\n<p>O tempo \u00e9 um bem universal, distribu\u00eddo democraticamente.<\/p>\n<p>Diz-se, popularmente, que se voc\u00ea quiser que algo aconte\u00e7a entregue-o a uma pessoa ocupada. Isso \u00e9 verdade, pois pessoas ocupadas administram o tempo de que disp\u00f5em de forma a ter tempo para tudo. Conseq\u00fcentemente, elas fazem acontecer, e isso as diferencia das demais.<\/p>\n<p>&nbsp;<\/p>\n<p><u>\u00a0<\/u><\/p>\n<p>&nbsp;<\/p>\n<p>&nbsp;<\/p>\n","protected":false},"excerpt":{"rendered":"<p>Preocupamo-nos mais com a utiliza\u00e7\u00e3o do nosso dinheiro do que com a do nosso tempo. No entanto, o dinheiro perdido hoje pode ser recuperado amanh\u00e3. E o tempo, uma vez perdido, perdido est\u00e1! O que passou, passou. O gerenciamento do tempo \u00e9 uma das quest\u00f5es cruciais para todo profissional. A discuss\u00e3o do tema extrapola o [&hellip;]<\/p>\n","protected":false},"author":96,"featured_media":96755,"comment_status":"closed","ping_status":"closed","sticky":false,"template":"","format":"standard","meta":{"footnotes":""},"categories":[435,274,439],"tags":[],"class_list":["post-144167","post","type-post","status-publish","format-standard","has-post-thumbnail","hentry","category-colunas","category-dr-lair-ribeiro","category-ultima-hora"],"_links":{"self":[{"href":"https:\/\/diarioregionaldigital.com.br\/index.php?rest_route=\/wp\/v2\/posts\/144167","targetHints":{"allow":["GET"]}}],"collection":[{"href":"https:\/\/diarioregionaldigital.com.br\/index.php?rest_route=\/wp\/v2\/posts"}],"about":[{"href":"https:\/\/diarioregionaldigital.com.br\/index.php?rest_route=\/wp\/v2\/types\/post"}],"author":[{"embeddable":true,"href":"https:\/\/diarioregionaldigital.com.br\/index.php?rest_route=\/wp\/v2\/users\/96"}],"replies":[{"embeddable":true,"href":"https:\/\/diarioregionaldigital.com.br\/index.php?rest_route=%2Fwp%2Fv2%2Fcomments&post=144167"}],"version-history":[{"count":0,"href":"https:\/\/diarioregionaldigital.com.br\/index.php?rest_route=\/wp\/v2\/posts\/144167\/revisions"}],"wp:featuredmedia":[{"embeddable":true,"href":"https:\/\/diarioregionaldigital.com.br\/index.php?rest_route=\/wp\/v2\/media\/96755"}],"wp:attachment":[{"href":"https:\/\/diarioregionaldigital.com.br\/index.php?rest_route=%2Fwp%2Fv2%2Fmedia&parent=144167"}],"wp:term":[{"taxonomy":"category","embeddable":true,"href":"https:\/\/diarioregionaldigital.com.br\/index.php?rest_route=%2Fwp%2Fv2%2Fcategories&post=144167"},{"taxonomy":"post_tag","embeddable":true,"href":"https:\/\/diarioregionaldigital.com.br\/index.php?rest_route=%2Fwp%2Fv2%2Ftags&post=144167"}],"curies":[{"name":"wp","href":"https:\/\/api.w.org\/{rel}","templated":true}]}}