{"id":143946,"date":"2019-07-16T06:00:08","date_gmt":"2019-07-16T09:00:08","guid":{"rendered":"https:\/\/diarioregionaldigital.com.br\/?p=143946"},"modified":"2019-07-15T19:15:37","modified_gmt":"2019-07-15T22:15:37","slug":"convocacao-de-assembleia-geral-stim-16-07-19","status":"publish","type":"post","link":"https:\/\/diarioregionaldigital.com.br\/?p=143946","title":{"rendered":"Convoca\u00e7\u00e3o de Assembl\u00e9ia Geral Stim &#8211; 16\/07\/19"},"content":{"rendered":"<p style=\"text-align: center;\"><strong>EDITAL DE CONVOCA\u00c7\u00c3O<\/strong><\/p>\n<p style=\"text-align: center;\"><strong>ASSEMBL\u00c9IA GERAL<\/strong><\/p>\n<p style=\"text-align: center;\">O Sindicato dos Trabalhadores nas Ind\u00fastrias Metal\u00fargicas, Mec\u00e2nicas, Material El\u00e9trico, Siderurgia e Fundi\u00e7\u00e3o, Montadora de ve\u00edculos, Auto Pe\u00e7as, Repara\u00e7\u00e3o de Ve\u00edculos e Acess\u00f3rios de Juiz de Fora, Matias Barbosa, Rio Novo, Rio Pomba, Santos Dumont, S\u00e3o Jo\u00e3o Nepomuceno, Bicas e Ewbanck da C\u00e2mara \u2013 MGConvoca todos os Trabalhadores de sua base territorial, associados ou n\u00e3o ao Sindicato, para Assembl\u00e9ia Geral Extraordin\u00e1ria que ser\u00e1 realizada no dia 17 de julho de 2019, na portaria das empresas. Nexa as 06:00horas e 14:30 horas, na empresa Gomes Metal\u00fargica as11:30 horas e na sede do Sindicato, situada a rua Floriano Peixoto, n.\u00ba 72 \u2013 Centro \u2013 Juiz de Fora\/MG e na cidade de Santos Dumont \u00e0s 18:00horas, em primeira convoca\u00e7\u00e3o, e, \u00e0s 18:30hs., em segunda convoca\u00e7\u00e3o, conforme Estatuto Social Vigente, para discutir e deliberar sobre a seguinte ordem do dia:<\/p>\n<p style=\"text-align: center;\">\n<p style=\"text-align: left;\">1- Discuss\u00e3o e Aprova\u00e7\u00e3o da Pauta de Reivindica\u00e7\u00f5es, referente a Data Base de 2019, a ser apresentada \u00e0 Categoria Patronal;<\/p>\n<p style=\"text-align: left;\">2- Autoriza\u00e7\u00e3o para Diretoria Executiva celebrar Conven\u00e7\u00e3o Coletiva de Trabalho, e, frustrada a negocia\u00e7\u00e3o, eleger \u00e1rbitro e\/ou suscitar Diss\u00eddio Coletivo perante o Poder Judici\u00e1rio;<\/p>\n<p style=\"text-align: left;\">3- Delibera\u00e7\u00e3o sobre Greve,inclusive,\u00a0 o pagamento dos dias parados;<\/p>\n<p style=\"text-align: left;\">4- Delibera\u00e7\u00e3o sobre o percentual da taxa assistencial\/negocial a ser fixada pela Assembl\u00e9ia;<\/p>\n<p style=\"text-align: left;\">5- Delibera\u00e7\u00f5es sobre a instala\u00e7\u00e3o em car\u00e1ter permanente da presente Assembl\u00e9ia;<\/p>\n<p style=\"text-align: left;\">6- Delibera\u00e7\u00f5es Conseq\u00fcentes.<\/p>\n<p style=\"text-align: center;\">Juiz de Fora, 10 de julho de 2019.<\/p>\n<p style=\"text-align: center;\">JO\u00c3OC\u00c9SAR DA SILVA<\/p>\n<p style=\"text-align: center;\">_________________________________<\/p>\n<p style=\"text-align: center;\"><strong>PRESIDENTE DO STIM-JF E REGI\u00c3O<\/strong><\/p>\n","protected":false},"excerpt":{"rendered":"<p>EDITAL DE CONVOCA\u00c7\u00c3O ASSEMBL\u00c9IA GERAL O Sindicato dos Trabalhadores nas Ind\u00fastrias Metal\u00fargicas, Mec\u00e2nicas, Material El\u00e9trico, Siderurgia e Fundi\u00e7\u00e3o, Montadora de ve\u00edculos, Auto Pe\u00e7as, Repara\u00e7\u00e3o de Ve\u00edculos e Acess\u00f3rios de Juiz de Fora, Matias Barbosa, Rio Novo, Rio Pomba, Santos Dumont, S\u00e3o Jo\u00e3o Nepomuceno, Bicas e Ewbanck da C\u00e2mara \u2013 MGConvoca todos os Trabalhadores de sua [&hellip;]<\/p>\n","protected":false},"author":96,"featured_media":0,"comment_status":"closed","ping_status":"closed","sticky":false,"template":"","format":"standard","meta":{"footnotes":""},"categories":[307],"tags":[],"class_list":["post-143946","post","type-post","status-publish","format-standard","hentry","category-editais"],"_links":{"self":[{"href":"https:\/\/diarioregionaldigital.com.br\/index.php?rest_route=\/wp\/v2\/posts\/143946","targetHints":{"allow":["GET"]}}],"collection":[{"href":"https:\/\/diarioregionaldigital.com.br\/index.php?rest_route=\/wp\/v2\/posts"}],"about":[{"href":"https:\/\/diarioregionaldigital.com.br\/index.php?rest_route=\/wp\/v2\/types\/post"}],"author":[{"embeddable":true,"href":"https:\/\/diarioregionaldigital.com.br\/index.php?rest_route=\/wp\/v2\/users\/96"}],"replies":[{"embeddable":true,"href":"https:\/\/diarioregionaldigital.com.br\/index.php?rest_route=%2Fwp%2Fv2%2Fcomments&post=143946"}],"version-history":[{"count":0,"href":"https:\/\/diarioregionaldigital.com.br\/index.php?rest_route=\/wp\/v2\/posts\/143946\/revisions"}],"wp:attachment":[{"href":"https:\/\/diarioregionaldigital.com.br\/index.php?rest_route=%2Fwp%2Fv2%2Fmedia&parent=143946"}],"wp:term":[{"taxonomy":"category","embeddable":true,"href":"https:\/\/diarioregionaldigital.com.br\/index.php?rest_route=%2Fwp%2Fv2%2Fcategories&post=143946"},{"taxonomy":"post_tag","embeddable":true,"href":"https:\/\/diarioregionaldigital.com.br\/index.php?rest_route=%2Fwp%2Fv2%2Ftags&post=143946"}],"curies":[{"name":"wp","href":"https:\/\/api.w.org\/{rel}","templated":true}]}}