{"id":143938,"date":"2019-07-16T06:00:09","date_gmt":"2019-07-16T09:00:09","guid":{"rendered":"https:\/\/diarioregionaldigital.com.br\/?p=143938"},"modified":"2019-07-15T19:11:03","modified_gmt":"2019-07-15T22:11:03","slug":"divas","status":"publish","type":"post","link":"https:\/\/diarioregionaldigital.com.br\/?p=143938","title":{"rendered":"Divas"},"content":{"rendered":"<p style=\"text-align: center;\"><span style=\"font-size: 14pt;\"><strong>Divas<\/strong><\/span><\/p>\n<p style=\"text-align: center;\">As bonitas Erika Beire e Dani Verpel agitaram o Restaurante Pal\u00e1cio para comemora\u00e7\u00e3o de duplo anivers\u00e1rio. Com casa lotada, amigos curtiram o card\u00e1pio estrelado, cerveja gelada e a boa m\u00fasica do trio Boca Miuda. As fotos de Marc\u00edlio Gomes registram presen\u00e7as.<\/p>\n<div id=\"attachment_143915\" style=\"width: 690px\" class=\"wp-caption aligncenter\"><img loading=\"lazy\" decoding=\"async\" aria-describedby=\"caption-attachment-143915\" class=\"wp-image-143915\" src=\"https:\/\/diarioregionaldigital.com.br\/wp-content\/uploads\/2019\/07\/fotoa-10-e1563227775258.jpg\" alt=\"\" width=\"680\" height=\"474\" srcset=\"https:\/\/diarioregionaldigital.com.br\/wp-content\/uploads\/2019\/07\/fotoa-10-e1563227775258.jpg 1578w, https:\/\/diarioregionaldigital.com.br\/wp-content\/uploads\/2019\/07\/fotoa-10-e1563227775258-300x210.jpg 300w, https:\/\/diarioregionaldigital.com.br\/wp-content\/uploads\/2019\/07\/fotoa-10-e1563227775258-768x535.jpg 768w, https:\/\/diarioregionaldigital.com.br\/wp-content\/uploads\/2019\/07\/fotoa-10-e1563227775258-1024x714.jpg 1024w, https:\/\/diarioregionaldigital.com.br\/wp-content\/uploads\/2019\/07\/fotoa-10-e1563227775258-360x251.jpg 360w, https:\/\/diarioregionaldigital.com.br\/wp-content\/uploads\/2019\/07\/fotoa-10-e1563227775258-100x70.jpg 100w\" sizes=\"auto, (max-width: 680px) 100vw, 680px\" \/><p id=\"caption-attachment-143915\" class=\"wp-caption-text\">N\u00e1dia Justi, V\u00e2nia Borato, Patr\u00edcia Caniato, Dani Verpel, Erika Beire, Veralice Tam, Lidiane Stambassi e Andrea Pereira<\/p><\/div>\n<div id=\"attachment_143916\" style=\"width: 690px\" class=\"wp-caption aligncenter\"><img loading=\"lazy\" decoding=\"async\" aria-describedby=\"caption-attachment-143916\" class=\"wp-image-143916\" src=\"https:\/\/diarioregionaldigital.com.br\/wp-content\/uploads\/2019\/07\/fotob-9-e1563227833424.jpg\" alt=\"\" width=\"680\" height=\"524\" srcset=\"https:\/\/diarioregionaldigital.com.br\/wp-content\/uploads\/2019\/07\/fotob-9-e1563227833424.jpg 1169w, https:\/\/diarioregionaldigital.com.br\/wp-content\/uploads\/2019\/07\/fotob-9-e1563227833424-300x231.jpg 300w, https:\/\/diarioregionaldigital.com.br\/wp-content\/uploads\/2019\/07\/fotob-9-e1563227833424-768x591.jpg 768w, https:\/\/diarioregionaldigital.com.br\/wp-content\/uploads\/2019\/07\/fotob-9-e1563227833424-1024x788.jpg 1024w, https:\/\/diarioregionaldigital.com.br\/wp-content\/uploads\/2019\/07\/fotob-9-e1563227833424-360x277.jpg 360w\" sizes=\"auto, (max-width: 680px) 100vw, 680px\" \/><p id=\"caption-attachment-143916\" class=\"wp-caption-text\">N\u00e1dia Justi e Eduardo Gomes<\/p><\/div>\n<div id=\"attachment_143917\" style=\"width: 690px\" class=\"wp-caption aligncenter\"><img loading=\"lazy\" decoding=\"async\" aria-describedby=\"caption-attachment-143917\" class=\"wp-image-143917\" src=\"https:\/\/diarioregionaldigital.com.br\/wp-content\/uploads\/2019\/07\/fotoc-9-e1563227869786.jpg\" alt=\"\" width=\"680\" height=\"551\" srcset=\"https:\/\/diarioregionaldigital.com.br\/wp-content\/uploads\/2019\/07\/fotoc-9-e1563227869786.jpg 1170w, https:\/\/diarioregionaldigital.com.br\/wp-content\/uploads\/2019\/07\/fotoc-9-e1563227869786-300x243.jpg 300w, https:\/\/diarioregionaldigital.com.br\/wp-content\/uploads\/2019\/07\/fotoc-9-e1563227869786-768x622.jpg 768w, https:\/\/diarioregionaldigital.com.br\/wp-content\/uploads\/2019\/07\/fotoc-9-e1563227869786-1024x830.jpg 1024w, https:\/\/diarioregionaldigital.com.br\/wp-content\/uploads\/2019\/07\/fotoc-9-e1563227869786-360x292.jpg 360w\" sizes=\"auto, (max-width: 680px) 100vw, 680px\" \/><p id=\"caption-attachment-143917\" class=\"wp-caption-text\">Maria Rezende e Erika Beire<\/p><\/div>\n<div id=\"attachment_143918\" style=\"width: 690px\" class=\"wp-caption aligncenter\"><img loading=\"lazy\" decoding=\"async\" aria-describedby=\"caption-attachment-143918\" class=\"wp-image-143918\" src=\"https:\/\/diarioregionaldigital.com.br\/wp-content\/uploads\/2019\/07\/fotod-9-e1563227906845.jpg\" alt=\"\" width=\"680\" height=\"520\" srcset=\"https:\/\/diarioregionaldigital.com.br\/wp-content\/uploads\/2019\/07\/fotod-9-e1563227906845.jpg 1176w, https:\/\/diarioregionaldigital.com.br\/wp-content\/uploads\/2019\/07\/fotod-9-e1563227906845-300x229.jpg 300w, https:\/\/diarioregionaldigital.com.br\/wp-content\/uploads\/2019\/07\/fotod-9-e1563227906845-768x587.jpg 768w, https:\/\/diarioregionaldigital.com.br\/wp-content\/uploads\/2019\/07\/fotod-9-e1563227906845-1024x783.jpg 1024w, https:\/\/diarioregionaldigital.com.br\/wp-content\/uploads\/2019\/07\/fotod-9-e1563227906845-360x275.jpg 360w\" sizes=\"auto, (max-width: 680px) 100vw, 680px\" \/><p id=\"caption-attachment-143918\" class=\"wp-caption-text\">Fran\u00e7oise Loures, Marion Gon\u00e7alves e Gar\u00e7om Carl\u00e3o<\/p><\/div>\n<div id=\"attachment_143919\" style=\"width: 690px\" class=\"wp-caption aligncenter\"><img loading=\"lazy\" decoding=\"async\" aria-describedby=\"caption-attachment-143919\" class=\"wp-image-143919\" src=\"https:\/\/diarioregionaldigital.com.br\/wp-content\/uploads\/2019\/07\/fotoe-9.jpg\" alt=\"\" width=\"680\" height=\"451\" srcset=\"https:\/\/diarioregionaldigital.com.br\/wp-content\/uploads\/2019\/07\/fotoe-9.jpg 1764w, https:\/\/diarioregionaldigital.com.br\/wp-content\/uploads\/2019\/07\/fotoe-9-300x199.jpg 300w, https:\/\/diarioregionaldigital.com.br\/wp-content\/uploads\/2019\/07\/fotoe-9-768x509.jpg 768w, https:\/\/diarioregionaldigital.com.br\/wp-content\/uploads\/2019\/07\/fotoe-9-1024x679.jpg 1024w, https:\/\/diarioregionaldigital.com.br\/wp-content\/uploads\/2019\/07\/fotoe-9-360x239.jpg 360w\" sizes=\"auto, (max-width: 680px) 100vw, 680px\" \/><p id=\"caption-attachment-143919\" class=\"wp-caption-text\">Erika Beire, Guilherme Belmiro, Dani Verpel e Talita Belmiro<\/p><\/div>\n<div id=\"attachment_143920\" style=\"width: 690px\" class=\"wp-caption aligncenter\"><img loading=\"lazy\" decoding=\"async\" aria-describedby=\"caption-attachment-143920\" class=\"wp-image-143920\" src=\"https:\/\/diarioregionaldigital.com.br\/wp-content\/uploads\/2019\/07\/fotof-9-e1563227949122.jpg\" alt=\"\" width=\"680\" height=\"488\" srcset=\"https:\/\/diarioregionaldigital.com.br\/wp-content\/uploads\/2019\/07\/fotof-9-e1563227949122.jpg 1253w, https:\/\/diarioregionaldigital.com.br\/wp-content\/uploads\/2019\/07\/fotof-9-e1563227949122-300x215.jpg 300w, https:\/\/diarioregionaldigital.com.br\/wp-content\/uploads\/2019\/07\/fotof-9-e1563227949122-768x552.jpg 768w, https:\/\/diarioregionaldigital.com.br\/wp-content\/uploads\/2019\/07\/fotof-9-e1563227949122-1024x736.jpg 1024w, https:\/\/diarioregionaldigital.com.br\/wp-content\/uploads\/2019\/07\/fotof-9-e1563227949122-360x259.jpg 360w\" sizes=\"auto, (max-width: 680px) 100vw, 680px\" \/><p id=\"caption-attachment-143920\" class=\"wp-caption-text\">Grupo Boca Miuda: Gabriel Elias Campos, Roger Resende, Juninho Sete Cordas<\/p><\/div>\n<div id=\"attachment_143921\" style=\"width: 690px\" class=\"wp-caption aligncenter\"><img loading=\"lazy\" decoding=\"async\" aria-describedby=\"caption-attachment-143921\" class=\"wp-image-143921\" src=\"https:\/\/diarioregionaldigital.com.br\/wp-content\/uploads\/2019\/07\/fotog-7.jpg\" alt=\"\" width=\"680\" height=\"451\" srcset=\"https:\/\/diarioregionaldigital.com.br\/wp-content\/uploads\/2019\/07\/fotog-7.jpg 1764w, https:\/\/diarioregionaldigital.com.br\/wp-content\/uploads\/2019\/07\/fotog-7-300x199.jpg 300w, https:\/\/diarioregionaldigital.com.br\/wp-content\/uploads\/2019\/07\/fotog-7-768x509.jpg 768w, https:\/\/diarioregionaldigital.com.br\/wp-content\/uploads\/2019\/07\/fotog-7-1024x679.jpg 1024w, https:\/\/diarioregionaldigital.com.br\/wp-content\/uploads\/2019\/07\/fotog-7-360x239.jpg 360w\" sizes=\"auto, (max-width: 680px) 100vw, 680px\" \/><p id=\"caption-attachment-143921\" class=\"wp-caption-text\">Gilberto Peixoto, Patr\u00edcia Caniato, Eduardo Gomes e Roger Resende<\/p><\/div>\n<div id=\"attachment_143922\" style=\"width: 690px\" class=\"wp-caption aligncenter\"><img loading=\"lazy\" decoding=\"async\" aria-describedby=\"caption-attachment-143922\" class=\"wp-image-143922\" src=\"https:\/\/diarioregionaldigital.com.br\/wp-content\/uploads\/2019\/07\/fotoh-9.jpg\" alt=\"\" width=\"680\" height=\"455\" srcset=\"https:\/\/diarioregionaldigital.com.br\/wp-content\/uploads\/2019\/07\/fotoh-9.jpg 1758w, https:\/\/diarioregionaldigital.com.br\/wp-content\/uploads\/2019\/07\/fotoh-9-300x201.jpg 300w, https:\/\/diarioregionaldigital.com.br\/wp-content\/uploads\/2019\/07\/fotoh-9-768x514.jpg 768w, https:\/\/diarioregionaldigital.com.br\/wp-content\/uploads\/2019\/07\/fotoh-9-1024x685.jpg 1024w, https:\/\/diarioregionaldigital.com.br\/wp-content\/uploads\/2019\/07\/fotoh-9-360x241.jpg 360w\" sizes=\"auto, (max-width: 680px) 100vw, 680px\" \/><p id=\"caption-attachment-143922\" class=\"wp-caption-text\">Erika Beire, Yuri Soares, Beatriz Coelho (Tot\u00f3)<\/p><\/div>\n<div id=\"attachment_143924\" style=\"width: 690px\" class=\"wp-caption aligncenter\"><img loading=\"lazy\" decoding=\"async\" aria-describedby=\"caption-attachment-143924\" class=\"wp-image-143924\" src=\"https:\/\/diarioregionaldigital.com.br\/wp-content\/uploads\/2019\/07\/fotoj-7.jpg\" alt=\"\" width=\"680\" height=\"451\" srcset=\"https:\/\/diarioregionaldigital.com.br\/wp-content\/uploads\/2019\/07\/fotoj-7.jpg 1764w, https:\/\/diarioregionaldigital.com.br\/wp-content\/uploads\/2019\/07\/fotoj-7-300x199.jpg 300w, https:\/\/diarioregionaldigital.com.br\/wp-content\/uploads\/2019\/07\/fotoj-7-768x509.jpg 768w, https:\/\/diarioregionaldigital.com.br\/wp-content\/uploads\/2019\/07\/fotoj-7-1024x679.jpg 1024w, https:\/\/diarioregionaldigital.com.br\/wp-content\/uploads\/2019\/07\/fotoj-7-360x239.jpg 360w\" sizes=\"auto, (max-width: 680px) 100vw, 680px\" \/><p id=\"caption-attachment-143924\" class=\"wp-caption-text\">Paulo Raposo Braga, L\u00eddia Costa, Tereza Braga e Eveline Toledo<\/p><\/div>\n<div id=\"attachment_143928\" style=\"width: 690px\" class=\"wp-caption aligncenter\"><img loading=\"lazy\" decoding=\"async\" aria-describedby=\"caption-attachment-143928\" class=\"wp-image-143928\" src=\"https:\/\/diarioregionaldigital.com.br\/wp-content\/uploads\/2019\/07\/fotoo-1-e1563228300435.jpg\" alt=\"\" width=\"680\" height=\"520\" srcset=\"https:\/\/diarioregionaldigital.com.br\/wp-content\/uploads\/2019\/07\/fotoo-1-e1563228300435.jpg 1176w, https:\/\/diarioregionaldigital.com.br\/wp-content\/uploads\/2019\/07\/fotoo-1-e1563228300435-300x230.jpg 300w, https:\/\/diarioregionaldigital.com.br\/wp-content\/uploads\/2019\/07\/fotoo-1-e1563228300435-768x588.jpg 768w, https:\/\/diarioregionaldigital.com.br\/wp-content\/uploads\/2019\/07\/fotoo-1-e1563228300435-1024x784.jpg 1024w, https:\/\/diarioregionaldigital.com.br\/wp-content\/uploads\/2019\/07\/fotoo-1-e1563228300435-360x276.jpg 360w\" sizes=\"auto, (max-width: 680px) 100vw, 680px\" \/><p id=\"caption-attachment-143928\" class=\"wp-caption-text\">Dani Verpel<\/p><\/div>\n<div id=\"attachment_143927\" style=\"width: 690px\" class=\"wp-caption aligncenter\"><img loading=\"lazy\" decoding=\"async\" aria-describedby=\"caption-attachment-143927\" class=\"wp-image-143927\" src=\"https:\/\/diarioregionaldigital.com.br\/wp-content\/uploads\/2019\/07\/foton-1.jpg\" alt=\"\" width=\"680\" height=\"449\" srcset=\"https:\/\/diarioregionaldigital.com.br\/wp-content\/uploads\/2019\/07\/foton-1.jpg 1770w, https:\/\/diarioregionaldigital.com.br\/wp-content\/uploads\/2019\/07\/foton-1-300x198.jpg 300w, https:\/\/diarioregionaldigital.com.br\/wp-content\/uploads\/2019\/07\/foton-1-768x508.jpg 768w, https:\/\/diarioregionaldigital.com.br\/wp-content\/uploads\/2019\/07\/foton-1-1024x677.jpg 1024w, https:\/\/diarioregionaldigital.com.br\/wp-content\/uploads\/2019\/07\/foton-1-1440x950.jpg 1440w, https:\/\/diarioregionaldigital.com.br\/wp-content\/uploads\/2019\/07\/foton-1-360x238.jpg 360w\" sizes=\"auto, (max-width: 680px) 100vw, 680px\" \/><p id=\"caption-attachment-143927\" class=\"wp-caption-text\">Marc\u00edlio Gomes e Tiago Jesus<\/p><\/div>\n<div id=\"attachment_143926\" style=\"width: 690px\" class=\"wp-caption aligncenter\"><img loading=\"lazy\" decoding=\"async\" aria-describedby=\"caption-attachment-143926\" class=\"wp-image-143926\" src=\"https:\/\/diarioregionaldigital.com.br\/wp-content\/uploads\/2019\/07\/fotom-2-e1563228266996.jpg\" alt=\"\" width=\"680\" height=\"494\" srcset=\"https:\/\/diarioregionaldigital.com.br\/wp-content\/uploads\/2019\/07\/fotom-2-e1563228266996.jpg 1437w, https:\/\/diarioregionaldigital.com.br\/wp-content\/uploads\/2019\/07\/fotom-2-e1563228266996-300x218.jpg 300w, https:\/\/diarioregionaldigital.com.br\/wp-content\/uploads\/2019\/07\/fotom-2-e1563228266996-768x558.jpg 768w, https:\/\/diarioregionaldigital.com.br\/wp-content\/uploads\/2019\/07\/fotom-2-e1563228266996-1024x744.jpg 1024w, https:\/\/diarioregionaldigital.com.br\/wp-content\/uploads\/2019\/07\/fotom-2-e1563228266996-360x262.jpg 360w\" sizes=\"auto, (max-width: 680px) 100vw, 680px\" \/><p id=\"caption-attachment-143926\" class=\"wp-caption-text\">Leonardo Zanetti, Marc\u00edlio Gomes e Bruno K-Suco<\/p><\/div>\n<div id=\"attachment_143925\" style=\"width: 690px\" class=\"wp-caption aligncenter\"><img loading=\"lazy\" decoding=\"async\" aria-describedby=\"caption-attachment-143925\" class=\"wp-image-143925\" src=\"https:\/\/diarioregionaldigital.com.br\/wp-content\/uploads\/2019\/07\/fotol-5-e1563228212471.jpg\" alt=\"\" width=\"680\" height=\"503\" srcset=\"https:\/\/diarioregionaldigital.com.br\/wp-content\/uploads\/2019\/07\/fotol-5-e1563228212471.jpg 1256w, https:\/\/diarioregionaldigital.com.br\/wp-content\/uploads\/2019\/07\/fotol-5-e1563228212471-300x222.jpg 300w, https:\/\/diarioregionaldigital.com.br\/wp-content\/uploads\/2019\/07\/fotol-5-e1563228212471-768x568.jpg 768w, https:\/\/diarioregionaldigital.com.br\/wp-content\/uploads\/2019\/07\/fotol-5-e1563228212471-1024x757.jpg 1024w, https:\/\/diarioregionaldigital.com.br\/wp-content\/uploads\/2019\/07\/fotol-5-e1563228212471-360x266.jpg 360w\" sizes=\"auto, (max-width: 680px) 100vw, 680px\" \/><p id=\"caption-attachment-143925\" class=\"wp-caption-text\">Zuzu Bara, Erika Beire, Lenilson Fonseca, Vin\u00edcius Ciribeli, Juninho Sete Cordas, Andrea Pereira e Lidiane Stambassi<\/p><\/div>\n<div id=\"attachment_143923\" style=\"width: 690px\" class=\"wp-caption aligncenter\"><img loading=\"lazy\" decoding=\"async\" aria-describedby=\"caption-attachment-143923\" class=\"wp-image-143923\" src=\"https:\/\/diarioregionaldigital.com.br\/wp-content\/uploads\/2019\/07\/fotoi-10-e1563228155965.jpg\" alt=\"\" width=\"680\" height=\"447\" srcset=\"https:\/\/diarioregionaldigital.com.br\/wp-content\/uploads\/2019\/07\/fotoi-10-e1563228155965.jpg 1596w, https:\/\/diarioregionaldigital.com.br\/wp-content\/uploads\/2019\/07\/fotoi-10-e1563228155965-300x197.jpg 300w, https:\/\/diarioregionaldigital.com.br\/wp-content\/uploads\/2019\/07\/fotoi-10-e1563228155965-768x505.jpg 768w, https:\/\/diarioregionaldigital.com.br\/wp-content\/uploads\/2019\/07\/fotoi-10-e1563228155965-1024x673.jpg 1024w, https:\/\/diarioregionaldigital.com.br\/wp-content\/uploads\/2019\/07\/fotoi-10-e1563228155965-360x237.jpg 360w\" sizes=\"auto, (max-width: 680px) 100vw, 680px\" \/><p id=\"caption-attachment-143923\" class=\"wp-caption-text\">Eduardo Gomes, Beto Souza, Veralice Tam, Bruno Ksuco, Lidiane Stambassi, Leonardo Zanetti e Andrea Pereira<\/p><\/div>\n<p style=\"text-align: center;\"><strong>FOTOSS\u00cdNTESE<\/strong><\/p>\n<div>Em estilo \u00fanico, o OAndardebaixo est\u00e1 revestindo suas paredes com a exposi\u00e7\u00e3o \u201cUma s\u00e9rie de cora\u00e7\u00f5es partidos\u201d, da artista pl\u00e1stica Raphaela Lustosa.<\/div>\n<div><\/div>\n<div>Eterno Rei Momo de Juiz de Fora, Carlos Guedes convida este colunista para a \u201cFesta Country do Guedes\u201d no dia 3 de agosto (s\u00e1bado), a partir das 16h, na Rua Jos\u00e9 Lib\u00e2nio Rodrigues, n\u00ba 872, no Bandeirantes.<\/div>\n<div><\/div>\n<div>\u00a0Dando pedaladas r\u00e1pidas, o atleta Henrique Avancini conquistou o terceiro lugar na prova de cross country ol\u00edmpico (XCO) da Copa do Mundo de Mountain Bike, em Andorra, na cidade de Vallnord.<\/div>\n<div><\/div>\n<div>Foi inaugurado o Centro de Concilia\u00e7\u00e3o de Conflitos de Matias Barbosa. A diretora do Foro da Comarca de Matias Barbosa, M\u00f4nica Barbosa dos Santos, recebeu a desembargadora Mari\u00e2ngela Neyer Pires Faleiro (3\u00aa vice-presidente do TJMG) e o juiz Jos\u00e9 Ricardo dos Santos Freitas V\u00e9ras.<\/div>\n<div><\/div>\n<div>Dona cegonha aprontou de novo colocou na chamin\u00e9 de Mariana Musse e Felipe Hutter, a linda estrelinha Nara.<\/div>\n<div><\/div>\n<div>A posse da nova diretoria do Conselho Jovem da Associa\u00e7\u00e3o Comercial de Juiz de Fora ter\u00e1 efeito especial. O presidente Kadu Vidigal ir\u00e1 lan\u00e7ar o Projeto Levante esta Bandeira.<\/div>\n<div><\/div>\n<div>Aplicado e talentoso, Jo\u00e3o Vitor C\u00e2ndido venceu o Campeonato Mineiro Escolar de Trampolim, em Itabira. Ele foi orientado pelo t\u00e9cnico do Bom Pastor, Deber Zambelli.<\/div>\n<div><\/div>\n<div>Para sacar: \u201cSegue o teu destino, rega as tuas plantas, ama as tuas rosas. O resto \u00e9 a sombra de \u00e1rvores alheias\u201d. Bom dia.<\/div>\n<div><img loading=\"lazy\" decoding=\"async\" class=\"aligncenter size-full wp-image-143531\" src=\"https:\/\/diarioregionaldigital.com.br\/wp-content\/uploads\/2019\/07\/Painel_6x13.jpg\" alt=\"\" width=\"3498\" height=\"1548\" srcset=\"https:\/\/diarioregionaldigital.com.br\/wp-content\/uploads\/2019\/07\/Painel_6x13.jpg 3498w, https:\/\/diarioregionaldigital.com.br\/wp-content\/uploads\/2019\/07\/Painel_6x13-300x133.jpg 300w, https:\/\/diarioregionaldigital.com.br\/wp-content\/uploads\/2019\/07\/Painel_6x13-768x340.jpg 768w, https:\/\/diarioregionaldigital.com.br\/wp-content\/uploads\/2019\/07\/Painel_6x13-1024x453.jpg 1024w, https:\/\/diarioregionaldigital.com.br\/wp-content\/uploads\/2019\/07\/Painel_6x13-360x159.jpg 360w\" sizes=\"auto, (max-width: 3498px) 100vw, 3498px\" \/><\/div>\n<p>&nbsp;<\/p>\n","protected":false},"excerpt":{"rendered":"<p>Divas As bonitas Erika Beire e Dani Verpel agitaram o Restaurante Pal\u00e1cio para comemora\u00e7\u00e3o de duplo anivers\u00e1rio. Com casa lotada, amigos curtiram o card\u00e1pio estrelado, cerveja gelada e a boa m\u00fasica do trio Boca Miuda. As fotos de Marc\u00edlio Gomes registram presen\u00e7as. FOTOSS\u00cdNTESE Em estilo \u00fanico, o OAndardebaixo est\u00e1 revestindo suas paredes com a exposi\u00e7\u00e3o [&hellip;]<\/p>\n","protected":false},"author":96,"featured_media":143915,"comment_status":"closed","ping_status":"closed","sticky":false,"template":"","format":"standard","meta":{"footnotes":""},"categories":[264],"tags":[],"class_list":["post-143938","post","type-post","status-publish","format-standard","has-post-thumbnail","hentry","category-eduardo-gomes"],"_links":{"self":[{"href":"https:\/\/diarioregionaldigital.com.br\/index.php?rest_route=\/wp\/v2\/posts\/143938","targetHints":{"allow":["GET"]}}],"collection":[{"href":"https:\/\/diarioregionaldigital.com.br\/index.php?rest_route=\/wp\/v2\/posts"}],"about":[{"href":"https:\/\/diarioregionaldigital.com.br\/index.php?rest_route=\/wp\/v2\/types\/post"}],"author":[{"embeddable":true,"href":"https:\/\/diarioregionaldigital.com.br\/index.php?rest_route=\/wp\/v2\/users\/96"}],"replies":[{"embeddable":true,"href":"https:\/\/diarioregionaldigital.com.br\/index.php?rest_route=%2Fwp%2Fv2%2Fcomments&post=143938"}],"version-history":[{"count":0,"href":"https:\/\/diarioregionaldigital.com.br\/index.php?rest_route=\/wp\/v2\/posts\/143938\/revisions"}],"wp:featuredmedia":[{"embeddable":true,"href":"https:\/\/diarioregionaldigital.com.br\/index.php?rest_route=\/wp\/v2\/media\/143915"}],"wp:attachment":[{"href":"https:\/\/diarioregionaldigital.com.br\/index.php?rest_route=%2Fwp%2Fv2%2Fmedia&parent=143938"}],"wp:term":[{"taxonomy":"category","embeddable":true,"href":"https:\/\/diarioregionaldigital.com.br\/index.php?rest_route=%2Fwp%2Fv2%2Fcategories&post=143938"},{"taxonomy":"post_tag","embeddable":true,"href":"https:\/\/diarioregionaldigital.com.br\/index.php?rest_route=%2Fwp%2Fv2%2Ftags&post=143938"}],"curies":[{"name":"wp","href":"https:\/\/api.w.org\/{rel}","templated":true}]}}