{"id":143935,"date":"2019-07-15T18:25:30","date_gmt":"2019-07-15T21:25:30","guid":{"rendered":"https:\/\/diarioregionaldigital.com.br\/?p=143935"},"modified":"2019-07-15T18:25:30","modified_gmt":"2019-07-15T21:25:30","slug":"em-2018-mais-de-20-milhoes-de-criancas-nao-foram-vacinadas-no-mundo","status":"publish","type":"post","link":"https:\/\/diarioregionaldigital.com.br\/?p=143935","title":{"rendered":"Em 2018, mais de 20 milh\u00f5es de crian\u00e7as n\u00e3o foram vacinadas no mundo"},"content":{"rendered":"<p>Dados de ag\u00eancias da Organiza\u00e7\u00e3o das Na\u00e7\u00f5es Unidas (ONU) revelam que 20 milh\u00f5es de crian\u00e7as em todo o mundo n\u00e3o foram vacinadas contra doen\u00e7as como o sarampo, a difteria e o t\u00e9tano em 2018. As informa\u00e7\u00f5es foram divulgados nesta segunda-feira (15), pela Organiza\u00e7\u00e3o Mundial da Sa\u00fade (OMS) e o Fundo das Na\u00e7\u00f5es Unidas para a Inf\u00e2ncia (Unicef). Para as ag\u00eancias, esse n\u00famero equivale a mais de um em cada 10 menores em todo o planeta.<\/p>\n<h2>Doses<\/h2>\n<p>O n\u00edvel de estagna\u00e7\u00e3o da cobertura de vacina\u00e7\u00e3o com tr\u00eas doses de difteria, t\u00e9tano e coqueluche, tamb\u00e9m conhecida como tosse convulsa, e uma dose da vacina contra o sarampo, \u00e9 de cerca de 86% em n\u00edvel global. Apesar de ser considerado elevado, esse n\u00edvel de cobertura n\u00e3o \u00e9 suficiente. As ag\u00eancias destacam que \u00e9 necess\u00e1ria uma cobertura de 95% entre pa\u00edses e comunidades em todo o mundo, para proteger as crian\u00e7as contra surtos de doen\u00e7as que podem ser evitados pela vacina\u00e7\u00e3o.<\/p>\n<p>Grande parte das crian\u00e7as que n\u00e3o foram vacinadas vive nos pa\u00edses mais pobres e est\u00e1 desproporcionalmente em na\u00e7\u00f5es que vivem em conflitos ou s\u00e3o afetadas por eles de alguma forma. Quase metade do total de crian\u00e7as n\u00e3o vacinadas vive em 16 pa\u00edses com esses problemas: Afeganist\u00e3o, Rep\u00fablica Centro-Africana, Chade, Rep\u00fablica Democr\u00e1tica do Congo, Eti\u00f3pia, Haiti, Iraque, Mali, N\u00edger, Nig\u00e9ria, Paquist\u00e3o, Som\u00e1lia, Sud\u00e3o do Sul, Sud\u00e3o, S\u00edria e I\u00eamen.<\/p>\n<p>De acordo com as ag\u00eancias da ONU, se essas crian\u00e7as ficarem doentes, correm o risco de sofrer as consequ\u00eancias mais graves para a sa\u00fade e t\u00eam menor oportunidade de acesso a tratamentos e cuidados de sa\u00fade que salvam vidas.<\/p>\n<h2>Acesso<\/h2>\n<p>De acordo com as ag\u00eancias da ONU, as grandes disparidades no acesso a vacinas acontecem em pa\u00edses de todos os n\u00edveis de rendimento. Essa situa\u00e7\u00e3o resultou em surtos de sarampo em muitas partes do mundo, incluindo em pa\u00edses com altas taxas de vacina\u00e7\u00e3o em geral. Em 2018, quase 350 mil casos de sarampo foram registrados em todo o mundo, mais do dobro do que em 2017.<\/p>\n<p>No topo da lista de incid\u00eancia da doen\u00e7a em 2018 est\u00e1 a Ucr\u00e2nia. Apesar de o pa\u00eds ter vacinado mais de 90% de seus beb\u00eas, a cobertura foi baixa durante v\u00e1rios anos, deixando um grande n\u00famero de crian\u00e7as mais velhas e adultos em risco.<\/p>\n<p>V\u00e1rias na\u00e7\u00f5es com alta incid\u00eancia e cobertura t\u00eam grupos significativos de pessoas que n\u00e3o foram vacinadas contra o sarampo no passado. Essa situa\u00e7\u00e3o \u201cdemonstra como a baixa cobertura ao longo do tempo ou comunidades distintas de pessoas n\u00e3o vacinadas podem desencadear surtos mortais\u201d, diz a ONU.<\/p>\n<h2>HPV<\/h2>\n<p>Pela primeira vez, os dados de cobertura de vacina\u00e7\u00e3o contra o V\u00edrus do Papiloma Humano, o HPV, foram revelados pelas ag\u00eancias internacionais. A cobertura da vacina protege as meninas contra o cancro do colo do \u00fatero na idade adulta.<\/p>\n<p>De acordo com o estudo, 90 pa\u00edses introduziram a vacina contra o HPV nos seus programas nacionais desde 2018. O n\u00famero de meninas alcan\u00e7adas na \u00e1rea analisada equivale a uma em cada tr\u00eas em todo o mundo.<\/p>\n<p>A OMS e o Unicef fazem parte da parceria com a Alian\u00e7a Global para Vacinas e Imuniza\u00e7\u00e3o (Gavi), que ajuda a refor\u00e7ar os sistemas de imuniza\u00e7\u00e3o e resposta a surtos em pa\u00edses. As iniciativas incluem vacinar todas as crian\u00e7as com imuniza\u00e7\u00e3o rotineira, conduzindo campanhas de emerg\u00eancia e dando forma\u00e7\u00e3o aos profissionais de sa\u00fade como parte essencial da qualidade dos cuidados de sa\u00fade prim\u00e1rios.<\/p>\n<p>Fonte: Ag\u00eancia Brasil<\/p>\n","protected":false},"excerpt":{"rendered":"<p>Dados de ag\u00eancias da Organiza\u00e7\u00e3o das Na\u00e7\u00f5es Unidas (ONU) revelam que 20 milh\u00f5es de crian\u00e7as em todo o mundo n\u00e3o foram vacinadas contra doen\u00e7as como o sarampo, a difteria e o t\u00e9tano em 2018. As informa\u00e7\u00f5es foram divulgados nesta segunda-feira (15), pela Organiza\u00e7\u00e3o Mundial da Sa\u00fade (OMS) e o Fundo das Na\u00e7\u00f5es Unidas para a [&hellip;]<\/p>\n","protected":false},"author":96,"featured_media":143936,"comment_status":"closed","ping_status":"closed","sticky":false,"template":"","format":"standard","meta":{"footnotes":""},"categories":[302,436,439],"tags":[],"class_list":["post-143935","post","type-post","status-publish","format-standard","has-post-thumbnail","hentry","category-brasil-mundo","category-destaque-da-semana","category-ultima-hora"],"_links":{"self":[{"href":"https:\/\/diarioregionaldigital.com.br\/index.php?rest_route=\/wp\/v2\/posts\/143935","targetHints":{"allow":["GET"]}}],"collection":[{"href":"https:\/\/diarioregionaldigital.com.br\/index.php?rest_route=\/wp\/v2\/posts"}],"about":[{"href":"https:\/\/diarioregionaldigital.com.br\/index.php?rest_route=\/wp\/v2\/types\/post"}],"author":[{"embeddable":true,"href":"https:\/\/diarioregionaldigital.com.br\/index.php?rest_route=\/wp\/v2\/users\/96"}],"replies":[{"embeddable":true,"href":"https:\/\/diarioregionaldigital.com.br\/index.php?rest_route=%2Fwp%2Fv2%2Fcomments&post=143935"}],"version-history":[{"count":0,"href":"https:\/\/diarioregionaldigital.com.br\/index.php?rest_route=\/wp\/v2\/posts\/143935\/revisions"}],"wp:featuredmedia":[{"embeddable":true,"href":"https:\/\/diarioregionaldigital.com.br\/index.php?rest_route=\/wp\/v2\/media\/143936"}],"wp:attachment":[{"href":"https:\/\/diarioregionaldigital.com.br\/index.php?rest_route=%2Fwp%2Fv2%2Fmedia&parent=143935"}],"wp:term":[{"taxonomy":"category","embeddable":true,"href":"https:\/\/diarioregionaldigital.com.br\/index.php?rest_route=%2Fwp%2Fv2%2Fcategories&post=143935"},{"taxonomy":"post_tag","embeddable":true,"href":"https:\/\/diarioregionaldigital.com.br\/index.php?rest_route=%2Fwp%2Fv2%2Ftags&post=143935"}],"curies":[{"name":"wp","href":"https:\/\/api.w.org\/{rel}","templated":true}]}}