{"id":143930,"date":"2019-07-15T15:19:30","date_gmt":"2019-07-15T18:19:30","guid":{"rendered":"https:\/\/diarioregionaldigital.com.br\/?p=143930"},"modified":"2019-07-15T18:21:08","modified_gmt":"2019-07-15T21:21:08","slug":"secretaria-de-obras-faz-manutencao-em-estradas-do-bairro-igrejinha","status":"publish","type":"post","link":"https:\/\/diarioregionaldigital.com.br\/?p=143930","title":{"rendered":"Secretaria de Obras faz manuten\u00e7\u00e3o em estradas do bairro Igrejinha"},"content":{"rendered":"<p>A Secretaria de Obras (SO) da Prefeitura de Juiz de Fora (PJF) realiza tapa-buraco, com coloca\u00e7\u00e3o de esc\u00f3ria na rua da Esta\u00e7\u00e3o e na Estrada do Vermelho, no bairro Igrejinha. Conforme a secretaria, o objetivo \u00e9 proporcionar melhorias para o tr\u00e1fego de ve\u00edculos em vias de terra. Al\u00e9m disso, o campo do bairro Granjas Beth\u00e2nia tamb\u00e9m recebe patrolamento. J\u00e1 na \u00e1rea rural, a SO realiza ro\u00e7ada na estrada principal da Comunidade de Pires.<\/p>\n<p>Equipes da SO tamb\u00e9m iniciaram manuten\u00e7\u00e3o e limpeza de bocas de lobo na rua Waldir Martins (bairro S\u00e3o Judas Tadeu), e no bandeirantes. Na rua Vitorino Braga, esquina com a S\u00e3o Jos\u00e9 (Vitorino), o setor realiza reforma de boca de lobo. Servidores fazem, tamb\u00e9m, reposi\u00e7\u00e3o de corrim\u00e3o nos escad\u00f5es das ruas Jorge Knopp (Progresso) e It\u00e1lia (Linhares).<\/p>\n","protected":false},"excerpt":{"rendered":"<p>A Secretaria de Obras (SO) da Prefeitura de Juiz de Fora (PJF) realiza tapa-buraco, com coloca\u00e7\u00e3o de esc\u00f3ria na rua da Esta\u00e7\u00e3o e na Estrada do Vermelho, no bairro Igrejinha. Conforme a secretaria, o objetivo \u00e9 proporcionar melhorias para o tr\u00e1fego de ve\u00edculos em vias de terra. Al\u00e9m disso, o campo do bairro Granjas Beth\u00e2nia [&hellip;]<\/p>\n","protected":false},"author":96,"featured_media":143931,"comment_status":"closed","ping_status":"closed","sticky":false,"template":"","format":"standard","meta":{"footnotes":""},"categories":[253,436,440,439],"tags":[],"class_list":["post-143930","post","type-post","status-publish","format-standard","has-post-thumbnail","hentry","category-cidade","category-destaque-da-semana","category-destaques-do-dia","category-ultima-hora"],"_links":{"self":[{"href":"https:\/\/diarioregionaldigital.com.br\/index.php?rest_route=\/wp\/v2\/posts\/143930","targetHints":{"allow":["GET"]}}],"collection":[{"href":"https:\/\/diarioregionaldigital.com.br\/index.php?rest_route=\/wp\/v2\/posts"}],"about":[{"href":"https:\/\/diarioregionaldigital.com.br\/index.php?rest_route=\/wp\/v2\/types\/post"}],"author":[{"embeddable":true,"href":"https:\/\/diarioregionaldigital.com.br\/index.php?rest_route=\/wp\/v2\/users\/96"}],"replies":[{"embeddable":true,"href":"https:\/\/diarioregionaldigital.com.br\/index.php?rest_route=%2Fwp%2Fv2%2Fcomments&post=143930"}],"version-history":[{"count":0,"href":"https:\/\/diarioregionaldigital.com.br\/index.php?rest_route=\/wp\/v2\/posts\/143930\/revisions"}],"wp:featuredmedia":[{"embeddable":true,"href":"https:\/\/diarioregionaldigital.com.br\/index.php?rest_route=\/wp\/v2\/media\/143931"}],"wp:attachment":[{"href":"https:\/\/diarioregionaldigital.com.br\/index.php?rest_route=%2Fwp%2Fv2%2Fmedia&parent=143930"}],"wp:term":[{"taxonomy":"category","embeddable":true,"href":"https:\/\/diarioregionaldigital.com.br\/index.php?rest_route=%2Fwp%2Fv2%2Fcategories&post=143930"},{"taxonomy":"post_tag","embeddable":true,"href":"https:\/\/diarioregionaldigital.com.br\/index.php?rest_route=%2Fwp%2Fv2%2Ftags&post=143930"}],"curies":[{"name":"wp","href":"https:\/\/api.w.org\/{rel}","templated":true}]}}