{"id":143929,"date":"2019-07-15T18:21:27","date_gmt":"2019-07-15T21:21:27","guid":{"rendered":"https:\/\/diarioregionaldigital.com.br\/?p=143929"},"modified":"2019-07-15T18:21:27","modified_gmt":"2019-07-15T21:21:27","slug":"inscricoes-para-programa-de-preparacao-para-aposentadoria-da-pjf-seguem-ate-sexta","status":"publish","type":"post","link":"https:\/\/diarioregionaldigital.com.br\/?p=143929","title":{"rendered":"Inscri\u00e7\u00f5es para \u201cPrograma de Prepara\u00e7\u00e3o para Aposentadoria\u201d da PJF seguem at\u00e9 sexta"},"content":{"rendered":"<p>As inscri\u00e7\u00f5es para a nova edi\u00e7\u00e3o do Programa de Prepara\u00e7\u00e3o para Aposentadoria (PPAP) da Prefeitura de Juiz de Fora (PJF) seguem at\u00e9 a pr\u00f3xima sexta-feira, 19. Conforme O Executivo, os servidores da PJF aposentados ou que est\u00e3o para se aposentar poder\u00e3o participar do programa. Os interessados devem procurar o Departamento de Ambi\u00eancia Organizacional (Damor), das 8 \u00e0s 12 ou das 14 \u00e0s 17 horas. \u00c9 preciso apresentar carteira de identidade e n\u00famero de matr\u00edcula.<\/p>\n<p>O programa foi desenvolvido pela Secretaria de Administra\u00e7\u00e3o e Recursos Humanos (SARH) e tem como objetivo de fornecer informa\u00e7\u00f5es acerca dos direitos e deveres dos aposentados, incentivar os servidores para enfrentamento de mudan\u00e7as advindas com a aposentadoria sob os aspectos biol\u00f3gicos, psicol\u00f3gicos, sociais e financeiros, buscando sa\u00fade e qualidade de vida. Al\u00e9m de promover reflex\u00e3o sobre os projetos de vida, al\u00e9m de desenvolver a\u00e7\u00f5es que busquem novas compet\u00eancias e habilidades e para que o servidor possa descobrir formas de utiliza\u00e7\u00e3o do tempo livre, estimulando a troca de experi\u00eancias entre os participantes.<\/p>\n<p>O PPAP \u00e9 coordenado pelos departamentos de Desenvolvimento do Servidor, da Subsecretaria de Desenvolvimento Institucional (SSDI), e de Ambi\u00eancia Organizacional, da Subsecretaria de Pessoas (SSP), e ter\u00e1 dura\u00e7\u00e3o de cinco meses, a partir de tr\u00eas eixos \u2013 Reconhecer, Reorganizar e Recome\u00e7ar. Os encontros come\u00e7am em agosto e contar\u00e3o com palestras de autoconhecimento, educa\u00e7\u00e3o financeira, direitos previdenci\u00e1rios, empreendedorismo, entre outras, al\u00e9m de atividades f\u00edsicas, medita\u00e7\u00e3o, cultura e lazer.<\/p>\n","protected":false},"excerpt":{"rendered":"<p>As inscri\u00e7\u00f5es para a nova edi\u00e7\u00e3o do Programa de Prepara\u00e7\u00e3o para Aposentadoria (PPAP) da Prefeitura de Juiz de Fora (PJF) seguem at\u00e9 a pr\u00f3xima sexta-feira, 19. Conforme O Executivo, os servidores da PJF aposentados ou que est\u00e3o para se aposentar poder\u00e3o participar do programa. Os interessados devem procurar o Departamento de Ambi\u00eancia Organizacional (Damor), das [&hellip;]<\/p>\n","protected":false},"author":96,"featured_media":142602,"comment_status":"closed","ping_status":"closed","sticky":false,"template":"","format":"standard","meta":{"footnotes":""},"categories":[253,436,440,439],"tags":[],"class_list":["post-143929","post","type-post","status-publish","format-standard","has-post-thumbnail","hentry","category-cidade","category-destaque-da-semana","category-destaques-do-dia","category-ultima-hora"],"_links":{"self":[{"href":"https:\/\/diarioregionaldigital.com.br\/index.php?rest_route=\/wp\/v2\/posts\/143929","targetHints":{"allow":["GET"]}}],"collection":[{"href":"https:\/\/diarioregionaldigital.com.br\/index.php?rest_route=\/wp\/v2\/posts"}],"about":[{"href":"https:\/\/diarioregionaldigital.com.br\/index.php?rest_route=\/wp\/v2\/types\/post"}],"author":[{"embeddable":true,"href":"https:\/\/diarioregionaldigital.com.br\/index.php?rest_route=\/wp\/v2\/users\/96"}],"replies":[{"embeddable":true,"href":"https:\/\/diarioregionaldigital.com.br\/index.php?rest_route=%2Fwp%2Fv2%2Fcomments&post=143929"}],"version-history":[{"count":0,"href":"https:\/\/diarioregionaldigital.com.br\/index.php?rest_route=\/wp\/v2\/posts\/143929\/revisions"}],"wp:featuredmedia":[{"embeddable":true,"href":"https:\/\/diarioregionaldigital.com.br\/index.php?rest_route=\/wp\/v2\/media\/142602"}],"wp:attachment":[{"href":"https:\/\/diarioregionaldigital.com.br\/index.php?rest_route=%2Fwp%2Fv2%2Fmedia&parent=143929"}],"wp:term":[{"taxonomy":"category","embeddable":true,"href":"https:\/\/diarioregionaldigital.com.br\/index.php?rest_route=%2Fwp%2Fv2%2Fcategories&post=143929"},{"taxonomy":"post_tag","embeddable":true,"href":"https:\/\/diarioregionaldigital.com.br\/index.php?rest_route=%2Fwp%2Fv2%2Ftags&post=143929"}],"curies":[{"name":"wp","href":"https:\/\/api.w.org\/{rel}","templated":true}]}}