{"id":143909,"date":"2019-07-15T17:14:53","date_gmt":"2019-07-15T20:14:53","guid":{"rendered":"https:\/\/diarioregionaldigital.com.br\/?p=143909"},"modified":"2019-07-15T17:14:53","modified_gmt":"2019-07-15T20:14:53","slug":"duplas-brasileiras-disputam-a-etapa-quatro-estrelas-de-espinho-nesta-semana","status":"publish","type":"post","link":"https:\/\/diarioregionaldigital.com.br\/?p=143909","title":{"rendered":"Duplas brasileiras disputam a etapa quatro estrelas de Espinho nesta semana"},"content":{"rendered":"<p>O pr\u00f3ximo desafio das duplas brasileiras no Circuito Mundial de v\u00f4lei de praia 2019 acontece j\u00e1 nesta semana, de ter\u00e7a-feira (16.07) a domingo (21.07), em Portugal. Poucos dias depois de subir tr\u00eas vezes ao p\u00f3dio do Major Series de Gstaad (Su\u00ed\u00e7a) \u2013 prata e bronze no feminino, e bronze no masculino \u2013 os times do pa\u00eds encaram agora a etapa quatro estrelas de Espinho, que conta pontos \u00e0 corrida ol\u00edmpica brasileira.<\/p>\n<p>O Brasil pode ser representado por at\u00e9 nove duplas em Espinho, somando os dois g\u00eaneros. No naipe feminino j\u00e1 est\u00e3o garantidas \u00c1gatha\/Duda (PR\/SE), Ana Patr\u00edcia\/Rebecca (MG\/CE) e Fernanda Berti\/B\u00e1rbara Seixas (RJ), mais bem colocadas no ranking de entradas, partindo da fase de grupos, que come\u00e7a na quinta-feira (18.07).<\/p>\n<p>J\u00e1 Carol Solberg\/Maria Elisa (RJ) e Talita\/Taiana (AL\/CE) disputam entre si o country quota nesta ter\u00e7a-feira (16.07). Quem vencer ter\u00e1 o direito de disputar no dia seguinte o classificat\u00f3rio (qualification) jogando uma rodada eliminat\u00f3ria para conquistar as vagas. Carol Solberg, que no \u00faltimo domingo conquistou a prata no Major Series de Gstaad, evento cinco estrelas, comentou a mudan\u00e7a de foco j\u00e1 pensando na disputa do country quota.<\/p>\n<p>\u201cFicamos felizes com a prata, \u00e9 importante voltar ao p\u00f3dio, sentir que podemos alcan\u00e7ar os objetivos tra\u00e7ados, mas temos a disputa do country quota em dois dias, j\u00e1 nesta ter\u00e7a-feira. \u00c9 fundamental mantermos nossa mente forte. N\u00e3o temos tempo para comemorar muito, j\u00e1 temos que nos concentrar novamente no pr\u00f3ximo passo, estarmos preparadas para os desafios em Espinho\u201d, disse.<\/p>\n<p>No naipe masculino, Alison\/\u00c1lvaro Filho (ES\/PB), Andr\u00e9 Stein\/George (ES\/PB), Evandro\/Bruno Schmidt (RJ\/DF) e Pedro Solberg\/Vitor Felipe (RJ\/PB) partem da fase de grupos, a partir de sexta-feira (19.07), enquanto Guto e Saymon (RJ\/MS), disputam o classificat\u00f3rio na quinta-feira (18.07) em busca de uma vaga na fase de grupos.<\/p>\n<p>O carioca Guto relembrou a prata conquistada na etapa de Espinho em 2018, quando disputou o torneio ao lado do campe\u00e3o ol\u00edmpico Ricardo. Agora, junto do parceiro Saymon, ele espera manter a evolu\u00e7\u00e3o da dupla ap\u00f3s um quinto lugar no Major Series de Gstaad, retomando a presen\u00e7a no tour internacional.<\/p>\n<p>A competi\u00e7\u00e3o em Espinho rende cerca de R$ 75 mil para os campe\u00f5es dos naipes masculino e feminino. Ao todo, o torneio distribui cerca de R$ 1,1 milh\u00e3o em premia\u00e7\u00e3o aos atletas, al\u00e9m de oferecer pontua\u00e7\u00e3o alta para o ranking internacional \u2013 800 para os times vencedores (mesmo n\u00famero para a corrida ol\u00edmpica brasileira). Espinho recebe uma etapa pela 16\u00aa vez no torneio masculino, e pela 11\u00aa no torneio feminino.<\/p>\n<p>Fonte: Olimp\u00edada Todo Dia<\/p>\n","protected":false},"excerpt":{"rendered":"<p>O pr\u00f3ximo desafio das duplas brasileiras no Circuito Mundial de v\u00f4lei de praia 2019 acontece j\u00e1 nesta semana, de ter\u00e7a-feira (16.07) a domingo (21.07), em Portugal. Poucos dias depois de subir tr\u00eas vezes ao p\u00f3dio do Major Series de Gstaad (Su\u00ed\u00e7a) \u2013 prata e bronze no feminino, e bronze no masculino \u2013 os times do [&hellip;]<\/p>\n","protected":false},"author":96,"featured_media":143910,"comment_status":"closed","ping_status":"closed","sticky":false,"template":"","format":"standard","meta":{"footnotes":""},"categories":[436,257,439],"tags":[],"class_list":["post-143909","post","type-post","status-publish","format-standard","has-post-thumbnail","hentry","category-destaque-da-semana","category-esporte","category-ultima-hora"],"_links":{"self":[{"href":"https:\/\/diarioregionaldigital.com.br\/index.php?rest_route=\/wp\/v2\/posts\/143909","targetHints":{"allow":["GET"]}}],"collection":[{"href":"https:\/\/diarioregionaldigital.com.br\/index.php?rest_route=\/wp\/v2\/posts"}],"about":[{"href":"https:\/\/diarioregionaldigital.com.br\/index.php?rest_route=\/wp\/v2\/types\/post"}],"author":[{"embeddable":true,"href":"https:\/\/diarioregionaldigital.com.br\/index.php?rest_route=\/wp\/v2\/users\/96"}],"replies":[{"embeddable":true,"href":"https:\/\/diarioregionaldigital.com.br\/index.php?rest_route=%2Fwp%2Fv2%2Fcomments&post=143909"}],"version-history":[{"count":0,"href":"https:\/\/diarioregionaldigital.com.br\/index.php?rest_route=\/wp\/v2\/posts\/143909\/revisions"}],"wp:featuredmedia":[{"embeddable":true,"href":"https:\/\/diarioregionaldigital.com.br\/index.php?rest_route=\/wp\/v2\/media\/143910"}],"wp:attachment":[{"href":"https:\/\/diarioregionaldigital.com.br\/index.php?rest_route=%2Fwp%2Fv2%2Fmedia&parent=143909"}],"wp:term":[{"taxonomy":"category","embeddable":true,"href":"https:\/\/diarioregionaldigital.com.br\/index.php?rest_route=%2Fwp%2Fv2%2Fcategories&post=143909"},{"taxonomy":"post_tag","embeddable":true,"href":"https:\/\/diarioregionaldigital.com.br\/index.php?rest_route=%2Fwp%2Fv2%2Ftags&post=143909"}],"curies":[{"name":"wp","href":"https:\/\/api.w.org\/{rel}","templated":true}]}}