{"id":143906,"date":"2019-07-15T17:13:09","date_gmt":"2019-07-15T20:13:09","guid":{"rendered":"https:\/\/diarioregionaldigital.com.br\/?p=143906"},"modified":"2019-07-15T17:13:09","modified_gmt":"2019-07-15T20:13:09","slug":"todo-favoritismo-de-hugo-calderano-nos-jogos-pan-americanos","status":"publish","type":"post","link":"https:\/\/diarioregionaldigital.com.br\/?p=143906","title":{"rendered":"Todo favoritismo de Hugo Calderano nos Jogos Pan-Americanos"},"content":{"rendered":"<p>Status de favorito pouco \u00e9 bobagem! Hugo Calderano tem apenas 23 anos, mas j\u00e1 pode ser considerado uma das maiores promessas ol\u00edmpicas do Brasil na atualidade. S\u00e9timo colocado do ranking mundial do t\u00eanis de mesa, o brasileiro chega para jogar pela segunda vez os Jogos Pan-Americanos na edi\u00e7\u00e3o de Lima 2019. Mais maduro, o atleta sabe que mudou muito nesses quatro anos.<\/p>\n<p>\u201cEu acho que eu mudei muito. Principalmente, meu n\u00edvel subiu bastante desde o \u00faltimo Pan. Se eu n\u00e3o me engano eu cheguei no Pan como cabe\u00e7a de chave dois ou tr\u00eas, felizmente, consegui ser campe\u00e3o. Agora, com certeza, eu vou chegar como principal favorito, n\u00e9? Eu estou agora no top 10, ent\u00e3o a responsabilidade tamb\u00e9m aumenta. Mas eu acho que isso vai me favorecer, sim, claro. Quanto mais experi\u00eancia e maior for seu n\u00edvel, \u00e9 sempre melhor. Eu acho tamb\u00e9m que o importante \u00e9 aproveitar. Pan-Americano \u00e9 um evento muito legal de participar. Voc\u00ea pode ver atletas de outros esportes. E acho que \u00e9 importante tamb\u00e9m curtir a competi\u00e7\u00e3o,\u201d contou.<\/p>\n<p>Na \u00faltima edi\u00e7\u00e3o que participou, Toronto 2015, Hugo saiu com duas medalhas de ouro: equipes e individual. Al\u00e9m disso, Calderano \u00e9 o melhor representante das Am\u00e9ricas do mundo. Favoritismo? Pois n\u00e3o pensem que isso assuste: \u201cN\u00e3o. Acho que n\u00e3o pesa muito. N\u00e3o penso muito na press\u00e3o que isso traz. Eu tamb\u00e9m j\u00e1 estou acostumado a jogar um pouco com esse favoritismo, principalmente nas Am\u00e9ricas. E eu acho que a equipe do Brasil, no geral, sempre chega como favorita nas Am\u00e9ricas. Eu acho que isso s\u00f3 ajuda a gente a nos fortalecer.\u201d<\/p>\n<p>E fortalece mesmo. Calderano disputa o individual de Lima 2019 entre os dias 5 e 7 de agosto. \u00c9 o primeiro passo para estar mais perto do sonho de conquistar uma medalha em Jogos Ol\u00edmpicos, j\u00e1 que o campe\u00e3o garante vaga direta em T\u00f3quio 2020. Al\u00e9m disso, nessa edi\u00e7\u00e3o do Pan, Hugo pode superar o desempenho de 2015 j\u00e1 que joga tamb\u00e9m o torneio de duplas e por equipes.<\/p>\n<p>\u201cEu acho que o Pan ajuda um pouco para voc\u00ea chegar nas Olimp\u00edadas mais preparado. (\u2026) O Pan, na verdade, vai ser o in\u00edcio do ciclo ol\u00edmpico, porque pra mim o ano ol\u00edmpico n\u00e3o vai come\u00e7ar depois que acabar os Jogos Pan-Americanos, eu acho que o Pan j\u00e1 vai ser o come\u00e7o de uma nova etapa, que vai ser o ano antes das Olimp\u00edadas. Ent\u00e3o eu acho muito importante eu poder descansar um pouco agora e da\u00ed come\u00e7ar a prepara\u00e7\u00e3o focando no Jogos Pan-Americanos e j\u00e1 emendar pro ano Ol\u00edmpico.\u201d<\/p>\n<p>Fonte: Olimp\u00edada Todo Dia<\/p>\n","protected":false},"excerpt":{"rendered":"<p>Status de favorito pouco \u00e9 bobagem! Hugo Calderano tem apenas 23 anos, mas j\u00e1 pode ser considerado uma das maiores promessas ol\u00edmpicas do Brasil na atualidade. S\u00e9timo colocado do ranking mundial do t\u00eanis de mesa, o brasileiro chega para jogar pela segunda vez os Jogos Pan-Americanos na edi\u00e7\u00e3o de Lima 2019. Mais maduro, o atleta [&hellip;]<\/p>\n","protected":false},"author":96,"featured_media":143907,"comment_status":"closed","ping_status":"closed","sticky":false,"template":"","format":"standard","meta":{"footnotes":""},"categories":[436,257,439],"tags":[],"class_list":["post-143906","post","type-post","status-publish","format-standard","has-post-thumbnail","hentry","category-destaque-da-semana","category-esporte","category-ultima-hora"],"_links":{"self":[{"href":"https:\/\/diarioregionaldigital.com.br\/index.php?rest_route=\/wp\/v2\/posts\/143906","targetHints":{"allow":["GET"]}}],"collection":[{"href":"https:\/\/diarioregionaldigital.com.br\/index.php?rest_route=\/wp\/v2\/posts"}],"about":[{"href":"https:\/\/diarioregionaldigital.com.br\/index.php?rest_route=\/wp\/v2\/types\/post"}],"author":[{"embeddable":true,"href":"https:\/\/diarioregionaldigital.com.br\/index.php?rest_route=\/wp\/v2\/users\/96"}],"replies":[{"embeddable":true,"href":"https:\/\/diarioregionaldigital.com.br\/index.php?rest_route=%2Fwp%2Fv2%2Fcomments&post=143906"}],"version-history":[{"count":0,"href":"https:\/\/diarioregionaldigital.com.br\/index.php?rest_route=\/wp\/v2\/posts\/143906\/revisions"}],"wp:featuredmedia":[{"embeddable":true,"href":"https:\/\/diarioregionaldigital.com.br\/index.php?rest_route=\/wp\/v2\/media\/143907"}],"wp:attachment":[{"href":"https:\/\/diarioregionaldigital.com.br\/index.php?rest_route=%2Fwp%2Fv2%2Fmedia&parent=143906"}],"wp:term":[{"taxonomy":"category","embeddable":true,"href":"https:\/\/diarioregionaldigital.com.br\/index.php?rest_route=%2Fwp%2Fv2%2Fcategories&post=143906"},{"taxonomy":"post_tag","embeddable":true,"href":"https:\/\/diarioregionaldigital.com.br\/index.php?rest_route=%2Fwp%2Fv2%2Ftags&post=143906"}],"curies":[{"name":"wp","href":"https:\/\/api.w.org\/{rel}","templated":true}]}}