{"id":143901,"date":"2019-07-15T17:07:21","date_gmt":"2019-07-15T20:07:21","guid":{"rendered":"https:\/\/diarioregionaldigital.com.br\/?p=143901"},"modified":"2019-07-15T17:07:21","modified_gmt":"2019-07-15T20:07:21","slug":"gilbert-de-carvalho-e-amanda-oliveira-vencem-a-72a-corrida-da-fogueira","status":"publish","type":"post","link":"https:\/\/diarioregionaldigital.com.br\/?p=143901","title":{"rendered":"Gilbert de Carvalho e Amanda Oliveira vencem a 72\u00aa Corrida da Fogueira"},"content":{"rendered":"<p>Vinte e dois minutos e 18 segundos depois da largada, Gilbert de Carvalho (Mega Cria\/Universidade Federal de Juiz de Fora \u2013 UFJF) cruzou a linha de chegada da \u201c72\u00aa Corrida da Fogueira\u201d e subiu ao lugar mais alto do p\u00f3dio masculino, na noite do s\u00e1bado, 13, quando a Avenida Rio Branco foi tomada por cerca de tr\u00eas mil atletas. Em seguida, aos 25m20s6, Amanda Oliveira (Faculdade Granbery\/Educa\u00e7\u00e3o F\u00edsica) conquistou o primeiro lugar entre as mulheres.<\/p>\n<p>O p\u00f3dio masculino ainda foi formado por Flavio Stumpf (Mega Cria\/ UFJF), Jocemar Correa (Vem Correr), Matheus Batista (Mega Cria\/ UFJF) e Luan de Oliveira. Entre as mulheres, tamb\u00e9m subiram ao p\u00f3dio, Paula Adriana dos Santos (Faculdade Granbery\/Educa\u00e7\u00e3o F\u00edsica), Aline Barbosa (Mais Bela Est\u00e9tica), Noemi Alves da Cruz (Faculdade Granbery\/Educa\u00e7\u00e3o F\u00edsica) e Claudete Nunes (Profit Running).<\/p>\n<p>O p\u00f3dio masculino dos atletas com defici\u00eancia foi formado por Fabr\u00edcio Jobim (UFJF), Samuel Janu\u00e1rio (Superamigos) e Vin\u00edcius Duque (JF Paral\u00edmpico). No feminino, subiram ao p\u00f3dio, Michele Franco e Shisley de Paulo (GR Fit) e Justina Costa (JF Paral\u00edmpico). A equipe que mais levou atletas nesta edi\u00e7\u00e3o da \u201cFogueira\u201d foi a Nativos.<\/p>\n<p>Tamb\u00e9m aconteceram premia\u00e7\u00f5es por faixa et\u00e1ria e, no final da tarde, a \u201cFogueirinha\u201d, que levou, para mais de 200 crian\u00e7as e adolescentes, a paix\u00e3o pelas corridas. A \u201cCorrida da Fogueira\u201d de Juiz de Fora \u00e9 a mais tradicional de Minas. \u00c9 realizada pela Secretaria de Esporte e Lazer (SEL) da Prefeitura de Juiz de Fora (PJF) e, este ano, foi organizada pela MV Eventos, vencedora da licita\u00e7\u00e3o. A noite de clima ameno, ap\u00f3s a semana gelada na cidade, atraiu tamb\u00e9m centenas de pessoas, que torciam e expressavam palavras de incentivo aos corredores. A \u201cCorrida da Fogueira\u201d n\u00e3o faz parte do Ranking de Corridas de Rua de Juiz de Fora.<\/p>\n<p>Fonte: PJF<\/p>\n","protected":false},"excerpt":{"rendered":"<p>Vinte e dois minutos e 18 segundos depois da largada, Gilbert de Carvalho (Mega Cria\/Universidade Federal de Juiz de Fora \u2013 UFJF) cruzou a linha de chegada da \u201c72\u00aa Corrida da Fogueira\u201d e subiu ao lugar mais alto do p\u00f3dio masculino, na noite do s\u00e1bado, 13, quando a Avenida Rio Branco foi tomada por cerca [&hellip;]<\/p>\n","protected":false},"author":96,"featured_media":143902,"comment_status":"closed","ping_status":"closed","sticky":false,"template":"","format":"standard","meta":{"footnotes":""},"categories":[253,436,257,439],"tags":[],"class_list":["post-143901","post","type-post","status-publish","format-standard","has-post-thumbnail","hentry","category-cidade","category-destaque-da-semana","category-esporte","category-ultima-hora"],"_links":{"self":[{"href":"https:\/\/diarioregionaldigital.com.br\/index.php?rest_route=\/wp\/v2\/posts\/143901","targetHints":{"allow":["GET"]}}],"collection":[{"href":"https:\/\/diarioregionaldigital.com.br\/index.php?rest_route=\/wp\/v2\/posts"}],"about":[{"href":"https:\/\/diarioregionaldigital.com.br\/index.php?rest_route=\/wp\/v2\/types\/post"}],"author":[{"embeddable":true,"href":"https:\/\/diarioregionaldigital.com.br\/index.php?rest_route=\/wp\/v2\/users\/96"}],"replies":[{"embeddable":true,"href":"https:\/\/diarioregionaldigital.com.br\/index.php?rest_route=%2Fwp%2Fv2%2Fcomments&post=143901"}],"version-history":[{"count":0,"href":"https:\/\/diarioregionaldigital.com.br\/index.php?rest_route=\/wp\/v2\/posts\/143901\/revisions"}],"wp:featuredmedia":[{"embeddable":true,"href":"https:\/\/diarioregionaldigital.com.br\/index.php?rest_route=\/wp\/v2\/media\/143902"}],"wp:attachment":[{"href":"https:\/\/diarioregionaldigital.com.br\/index.php?rest_route=%2Fwp%2Fv2%2Fmedia&parent=143901"}],"wp:term":[{"taxonomy":"category","embeddable":true,"href":"https:\/\/diarioregionaldigital.com.br\/index.php?rest_route=%2Fwp%2Fv2%2Fcategories&post=143901"},{"taxonomy":"post_tag","embeddable":true,"href":"https:\/\/diarioregionaldigital.com.br\/index.php?rest_route=%2Fwp%2Fv2%2Ftags&post=143901"}],"curies":[{"name":"wp","href":"https:\/\/api.w.org\/{rel}","templated":true}]}}