{"id":143895,"date":"2019-07-14T06:00:02","date_gmt":"2019-07-14T09:00:02","guid":{"rendered":"https:\/\/diarioregionaldigital.com.br\/?p=143895"},"modified":"2019-07-15T15:32:57","modified_gmt":"2019-07-15T18:32:57","slug":"convocacao_assembleia-geral-extraordinaria_edificio-maria-ganimi_14-07-2019","status":"publish","type":"post","link":"https:\/\/diarioregionaldigital.com.br\/?p=143895","title":{"rendered":"CONVOCA\u00c7\u00c3O_ASSEMBL\u00c9IA GERAL EXTRAORDIN\u00c1RIA_EDIF\u00cdCIO MARIA GANIMI_14\/07\/2019"},"content":{"rendered":"<p style=\"text-align: center;\"><u>CONVOCA\u00c7\u00c3O<\/u><\/p>\n<p style=\"text-align: center;\"><strong><u>ASSEMBL\u00c9IA GERAL EXTRAORDIN\u00c1RIA<\/u><\/strong><\/p>\n<p><u>\u00a0<\/u>\u00a0\u00a0\u00a0\u00a0\u00a0\u00a0\u00a0\u00a0\u00a0\u00a0\u00a0\u00a0\u00a0\u00a0\u00a0\u00a0\u00a0\u00a0\u00a0\u00a0 Na qualidade de s\u00edndico do Condom\u00ednio do\u00a0 <u>EDIFICIO\u00a0 MARIA GANIMI,<\/u> situado a Rua Sampaio n\u00b0 444, de acordo\u00a0 com a Lei 4.591\/64\u00a0 (lei do condom\u00ednio), Conven\u00e7\u00e3o do Condom\u00ednio, usando de suas prerrogativas, <u>CONVOCA<\/u>,\u00a0 os senhores cond\u00f4minos, para participarem da <u>A<\/u><u>SSEMBL\u00c9IA GERAL<\/u> <u>EXTRAORDI<\/u><u>N\u00c1RIA<\/u>\u00a0 que realizar-se \u00e0 no dia <u>\u00a0\u00a023 DE JULHO DE 2.019\u00a0 (ter\u00e7a-feira)<\/u> no sal\u00e3o de reuni\u00f5es do pr\u00e9dio, em primeira convoca\u00e7\u00e3o \u00e0s 19:30 (dezenove horas e trinta minutos)\u00a0\u00a0 com\u00a0 a presen\u00e7a\u00a0\u00a0 da\u00a0\u00a0 maioria\u00a0\u00a0 dos\u00a0\u00a0 co-propriet\u00e1rios,\u00a0 em\u00a0 2<sup>\u00aa <\/sup>\u00a0convoca\u00e7\u00e3o\u00a0 as 20.00 (vinte horas), para deliberarem sobre a seguinte <u>\u201cPAUTA DO DIA\u201d:<\/u><\/p>\n<ul>\n<li>Aprova\u00e7\u00e3o e presta\u00e7\u00e3o de contas da gest\u00e3o anterior conforme AGO de 24\/06\/2019;<\/li>\n<li>Previs\u00e3o Or\u00e7ament\u00e1ria;<\/li>\n<li>Apresenta\u00e7\u00e3o da situa\u00e7\u00e3o do condom\u00ednio.<\/li>\n<\/ul>\n<p>E importante lembrar que os ausentes ficam obrigados a aceitar o que for deliberado.<\/p>\n<p>N\u00e3o poder\u00e3o tomar parte, deliberar, votar ou ser votado nas assembl\u00e9ias, aqueles que estejam em d\u00e9bito condominiais,(art. 1.335 III do C.Civil de 13\/01\/2003)<\/p>\n<p>Solicitamos aos senhores cond\u00f4minos que compare\u00e7am \u00e0 assembl\u00e9ia ora convocada, podendo ser representados por procuradores devidamente constitu\u00eddos atrav\u00e9s de procura\u00e7\u00e3o.<\/p>\n<p style=\"text-align: center;\">Juiz de Fora,\u00a0 10 de Julho de 2019<\/p>\n<p style=\"text-align: center;\">Jakson Duarte Martins \u2013S\u00cdNDICO-<\/p>\n","protected":false},"excerpt":{"rendered":"<p>CONVOCA\u00c7\u00c3O ASSEMBL\u00c9IA GERAL EXTRAORDIN\u00c1RIA \u00a0\u00a0\u00a0\u00a0\u00a0\u00a0\u00a0\u00a0\u00a0\u00a0\u00a0\u00a0\u00a0\u00a0\u00a0\u00a0\u00a0\u00a0\u00a0\u00a0\u00a0 Na qualidade de s\u00edndico do Condom\u00ednio do\u00a0 EDIFICIO\u00a0 MARIA GANIMI, situado a Rua Sampaio n\u00b0 444, de acordo\u00a0 com a Lei 4.591\/64\u00a0 (lei do condom\u00ednio), Conven\u00e7\u00e3o do Condom\u00ednio, usando de suas prerrogativas, CONVOCA,\u00a0 os senhores cond\u00f4minos, para participarem da ASSEMBL\u00c9IA GERAL EXTRAORDIN\u00c1RIA\u00a0 que realizar-se \u00e0 no dia \u00a0\u00a023 DE JULHO [&hellip;]<\/p>\n","protected":false},"author":96,"featured_media":0,"comment_status":"closed","ping_status":"closed","sticky":false,"template":"","format":"standard","meta":{"footnotes":""},"categories":[307],"tags":[],"class_list":["post-143895","post","type-post","status-publish","format-standard","hentry","category-editais"],"_links":{"self":[{"href":"https:\/\/diarioregionaldigital.com.br\/index.php?rest_route=\/wp\/v2\/posts\/143895","targetHints":{"allow":["GET"]}}],"collection":[{"href":"https:\/\/diarioregionaldigital.com.br\/index.php?rest_route=\/wp\/v2\/posts"}],"about":[{"href":"https:\/\/diarioregionaldigital.com.br\/index.php?rest_route=\/wp\/v2\/types\/post"}],"author":[{"embeddable":true,"href":"https:\/\/diarioregionaldigital.com.br\/index.php?rest_route=\/wp\/v2\/users\/96"}],"replies":[{"embeddable":true,"href":"https:\/\/diarioregionaldigital.com.br\/index.php?rest_route=%2Fwp%2Fv2%2Fcomments&post=143895"}],"version-history":[{"count":0,"href":"https:\/\/diarioregionaldigital.com.br\/index.php?rest_route=\/wp\/v2\/posts\/143895\/revisions"}],"wp:attachment":[{"href":"https:\/\/diarioregionaldigital.com.br\/index.php?rest_route=%2Fwp%2Fv2%2Fmedia&parent=143895"}],"wp:term":[{"taxonomy":"category","embeddable":true,"href":"https:\/\/diarioregionaldigital.com.br\/index.php?rest_route=%2Fwp%2Fv2%2Fcategories&post=143895"},{"taxonomy":"post_tag","embeddable":true,"href":"https:\/\/diarioregionaldigital.com.br\/index.php?rest_route=%2Fwp%2Fv2%2Ftags&post=143895"}],"curies":[{"name":"wp","href":"https:\/\/api.w.org\/{rel}","templated":true}]}}