{"id":143891,"date":"2019-07-15T14:51:46","date_gmt":"2019-07-15T17:51:46","guid":{"rendered":"https:\/\/diarioregionaldigital.com.br\/?p=143891"},"modified":"2019-07-15T14:51:46","modified_gmt":"2019-07-15T17:51:46","slug":"mercado-reduz-estimativa-de-crescimento-da-economia-para-081-diz-bc","status":"publish","type":"post","link":"https:\/\/diarioregionaldigital.com.br\/?p=143891","title":{"rendered":"Mercado reduz estimativa de crescimento da economia para 0,81%, diz BC"},"content":{"rendered":"<p>A estimativa do mercado financeiro para o crescimento da economia este ano continua em queda. De acordo com o boletim Focus, pesquisa semanal do Banco Central (BC) com institui\u00e7\u00f5es financeiras, a proje\u00e7\u00e3o para a expans\u00e3o do Produto Interno Bruto (PIB) \u2013 a soma de todos os bens e servi\u00e7os produzidos no pa\u00eds \u2013 desta vez foi reduzida de 0,82% para 0,81%. Essa foi a 20\u00aa redu\u00e7\u00e3o consecutiva.<\/p>\n<p>Para 2020, a expectativa \u00e9 que a economia tenha crescimento maior, de 2,10%, na semana passada, a estimativa era de 2,20%. A previs\u00e3o para 2021 e 2022 permanece em 2,50%.<\/p>\n<h2>Infla\u00e7\u00e3o<\/h2>\n<p>A estimativa de\u00a0infla\u00e7\u00e3o, calculada pelo \u00cdndice Nacional de Pre\u00e7os ao Consumidor Amplo (IPCA), subiu de 3,80% para 3,82% este ano. A meta de infla\u00e7\u00e3o de 2019, definida pelo Conselho Monet\u00e1rio Nacional (CMN), \u00e9 4,25%, com intervalo de toler\u00e2ncia entre 2,75% e 5,75%.<\/p>\n<p>A proje\u00e7\u00e3o do mercado financeiro para a infla\u00e7\u00e3o em 2020 \u00e9 3,90%. A meta para o pr\u00f3ximo ano \u00e9 4%, com intervalo de toler\u00e2ncia de 1,5 ponto percentual para cima ou para baixo.<\/p>\n<p>Para 2021, o centro da meta de infla\u00e7\u00e3o \u00e9 3,75% e para 2022, 3,5%, tamb\u00e9m com intervalos de toler\u00e2ncia de 1,5 ponto percentual. A previs\u00e3o do mercado financeiro para a infla\u00e7\u00e3o em 2021 e 2022 permanece em 3,75%.<\/p>\n<h2>Taxa b\u00e1sica de juros<\/h2>\n<p>Para alcan\u00e7ar a meta de infla\u00e7\u00e3o, o BC usa como principal instrumento a taxa b\u00e1sica de juros, a\u00a0Selic, mantida em 6,5% ao ano pelo Comit\u00ea de Pol\u00edtica Monet\u00e1ria (Copom).<\/p>\n<p>Ao final de 2019, as institui\u00e7\u00f5es financeiras esperam que a Selic esteja em 5,50% ao ano, mesma proje\u00e7\u00e3o da semana passada. Para o fim de 2020, a expectativa \u00e9 que a taxa b\u00e1sica baixe para 6% ao ano e, no fim de 2021 e 2022, chegue a 7% e 7,5% ao ano, respectivamente.<\/p>\n<p>Quando o Copom reduz a Selic, a tend\u00eancia \u00e9 que o cr\u00e9dito fique mais barato, com incentivo \u00e0 produ\u00e7\u00e3o e ao consumo, reduzindo o controle da infla\u00e7\u00e3o e estimulando a atividade econ\u00f4mica. Quando o comit\u00ea aumenta a Selic, a finalidade \u00e9 conter a demanda aquecida, e isso causa reflexos nos pre\u00e7os porque os juros mais altos encarecem o cr\u00e9dito e estimulam a poupan\u00e7a.<\/p>\n<p>A manuten\u00e7\u00e3o da Selic indica que o Copom considera as altera\u00e7\u00f5es anteriores suficientes para chegar \u00e0 meta de infla\u00e7\u00e3o.<\/p>\n<p>Fonte: Ag\u00eancia Brasil<\/p>\n","protected":false},"excerpt":{"rendered":"<p>A estimativa do mercado financeiro para o crescimento da economia este ano continua em queda. De acordo com o boletim Focus, pesquisa semanal do Banco Central (BC) com institui\u00e7\u00f5es financeiras, a proje\u00e7\u00e3o para a expans\u00e3o do Produto Interno Bruto (PIB) \u2013 a soma de todos os bens e servi\u00e7os produzidos no pa\u00eds \u2013 desta vez [&hellip;]<\/p>\n","protected":false},"author":96,"featured_media":141093,"comment_status":"closed","ping_status":"closed","sticky":false,"template":"","format":"standard","meta":{"footnotes":""},"categories":[436,261,439],"tags":[],"class_list":["post-143891","post","type-post","status-publish","format-standard","has-post-thumbnail","hentry","category-destaque-da-semana","category-economia","category-ultima-hora"],"_links":{"self":[{"href":"https:\/\/diarioregionaldigital.com.br\/index.php?rest_route=\/wp\/v2\/posts\/143891","targetHints":{"allow":["GET"]}}],"collection":[{"href":"https:\/\/diarioregionaldigital.com.br\/index.php?rest_route=\/wp\/v2\/posts"}],"about":[{"href":"https:\/\/diarioregionaldigital.com.br\/index.php?rest_route=\/wp\/v2\/types\/post"}],"author":[{"embeddable":true,"href":"https:\/\/diarioregionaldigital.com.br\/index.php?rest_route=\/wp\/v2\/users\/96"}],"replies":[{"embeddable":true,"href":"https:\/\/diarioregionaldigital.com.br\/index.php?rest_route=%2Fwp%2Fv2%2Fcomments&post=143891"}],"version-history":[{"count":0,"href":"https:\/\/diarioregionaldigital.com.br\/index.php?rest_route=\/wp\/v2\/posts\/143891\/revisions"}],"wp:featuredmedia":[{"embeddable":true,"href":"https:\/\/diarioregionaldigital.com.br\/index.php?rest_route=\/wp\/v2\/media\/141093"}],"wp:attachment":[{"href":"https:\/\/diarioregionaldigital.com.br\/index.php?rest_route=%2Fwp%2Fv2%2Fmedia&parent=143891"}],"wp:term":[{"taxonomy":"category","embeddable":true,"href":"https:\/\/diarioregionaldigital.com.br\/index.php?rest_route=%2Fwp%2Fv2%2Fcategories&post=143891"},{"taxonomy":"post_tag","embeddable":true,"href":"https:\/\/diarioregionaldigital.com.br\/index.php?rest_route=%2Fwp%2Fv2%2Ftags&post=143891"}],"curies":[{"name":"wp","href":"https:\/\/api.w.org\/{rel}","templated":true}]}}