{"id":143879,"date":"2019-07-14T06:00:48","date_gmt":"2019-07-14T09:00:48","guid":{"rendered":"https:\/\/diarioregionaldigital.com.br\/?p=143879"},"modified":"2019-07-13T17:33:29","modified_gmt":"2019-07-13T20:33:29","slug":"o-que-obstrui-o-progresso-3","status":"publish","type":"post","link":"https:\/\/diarioregionaldigital.com.br\/?p=143879","title":{"rendered":"O que obstrui o progresso"},"content":{"rendered":"<p style=\"text-align: center;\"><span style=\"font-size: 14pt;\"><strong>O que obstrui o progresso<\/strong><\/span><\/p>\n<p style=\"text-align: center;\">Conta-se que, quando o ex\u00e9rcito de Napole\u00e3o obteve grande vit\u00f3ria numa batalha e um dos comandantes relatou-lhe como foi o combate, ele ficou ouvindo em sil\u00eancio at\u00e9 o fim, e depois perguntou: \u201cE qual vai ser a pr\u00f3xima estrat\u00e9gia?\u201d. Essas palavras denotam o esp\u00edrito decidido de Napole\u00e3o, disposto a progredir cada vez mais. N\u00e3o estou, de modo algum, enaltecendo a figura de Napole\u00e3o como um l\u00edder militar. Citei-o por sua determina\u00e7\u00e3o de progredir sempre.<br \/>\nQuer se trate de estudos ou de um empreendimento, \u00e9 natural que, ao ser conclu\u00edda uma etapa, a pessoa pare a fim de analisar o que foi feito e saboreie o \u00eaxito obtido at\u00e9 aquele momento. Mas se ela n\u00e3o pensar tamb\u00e9m em \u201co que fazer na pr\u00f3xima etapa\u201d, ficar\u00e1 embriagada pelo \u00eaxito tempor\u00e1rio e atrasar\u00e1 o in\u00edcio da pr\u00f3xima etapa do progresso. A vida encerra em si a perfei\u00e7\u00e3o infinita. Portanto, somente tendo-se como meta o progresso infinito \u00e9 que ser\u00e1 poss\u00edvel manifestar concretamente a for\u00e7a infinita latente, a cada minuto, a cada segundo, de acordo com a ocasi\u00e3o, o lugar e a pessoa. Qualquer pessoa, quando compreende uma parcela da verdade, v\u00ea surgirem em seu cotidiano diversos fatos que podem ser considerados milagrosos, e, maravilhada com isso, tende a ficar marcando passo, pensando \u201cj\u00e1 alcancei a ilumina\u00e7\u00e3o\u201d, \u201cj\u00e1 n\u00e3o preciso mais continuar me empenhando na busca da verdade\u201d. Nisso existe uma tenta\u00e7\u00e3o perigosa para o esp\u00edrito. Quando uma pessoa pensa que j\u00e1 conseguiu o suficiente, ela se coloca no ponto de partida para o retrocesso. Segundo os psic\u00f3logos, todo ser humano possui, latente, grau vari\u00e1vel de regress\u00e3o. E uma das formas de regress\u00e3o \u00e9 o desejo de \u201cretornar ao \u00fatero materno\u201d. Dizem os psic\u00f3logos que o beb\u00ea resiste em sair do \u00fatero e reage ao ato de ser expulso do \u00fatero soltando berros de protesto. Dentro do \u00fatero materno, o nascituro est\u00e1 livre de perigos; ali \u00e9 quente e confort\u00e1vel, e ele tem todos os elementos necess\u00e1rios para a sua subsist\u00eancia. Portanto, \u00e9 natural que todo ser humano tenha, no fundo, o desejo de permanecer sempre naquele ref\u00fagio seguro e confort\u00e1vel. \u00c9 por isso que, mesmo depois de tornar-se adulto, ele possui tend\u00eancia para a regress\u00e3o, que obstrui o progresso, opondo-lhe resist\u00eancia. Quem deseja progredir deve, portanto, superar essa tend\u00eancia de regress\u00e3o.<br \/>\nVoc\u00ea n\u00e3o deve se dar por satisfeito por ter conclu\u00eddo uma etapa. N\u00e3o deve pensar: \u201cJ\u00e1 estudei bastante; acho que posso parar por aqui\u201d, \u201cMeus neg\u00f3cios j\u00e1 se expandiram o suficiente; agora vou descansar\u201d etc. N\u00e3o fique marcando passo. Ainda que tenha compreendido o ensinamento da Seicho-No-Ie e vivenciado alguns acontecimentos milagrosos, n\u00e3o pense que j\u00e1 despertou para a verdade em todos os aspectos. O monge Hakuin disse: \u201cGrandes ilumina\u00e7\u00f5es, alcancei-as dezoito vezes; pequenas ilumina\u00e7\u00f5es, incont\u00e1vel n\u00famero de vezes\u201d. Realmente, na jornada em busca da verdade h\u00e1 muitas e diferentes etapas de ilumina\u00e7\u00e3o, e quando a pessoa pensa que j\u00e1 atingiu o grau m\u00e1ximo de ilumina\u00e7\u00e3o, ela cessa de progredir. Aquele que n\u00e3o se contenta apenas com o pequeno progresso e se esfor\u00e7a constantemente para \u201cpolir\u201d um pouco mais a sua alma, lendo assiduamente livros que pregam a verdade e praticando sempre a caridade, finalmente alcan\u00e7ar\u00e1 o grande progresso.<\/p>\n","protected":false},"excerpt":{"rendered":"<p>O que obstrui o progresso Conta-se que, quando o ex\u00e9rcito de Napole\u00e3o obteve grande vit\u00f3ria numa batalha e um dos comandantes relatou-lhe como foi o combate, ele ficou ouvindo em sil\u00eancio at\u00e9 o fim, e depois perguntou: \u201cE qual vai ser a pr\u00f3xima estrat\u00e9gia?\u201d. Essas palavras denotam o esp\u00edrito decidido de Napole\u00e3o, disposto a progredir [&hellip;]<\/p>\n","protected":false},"author":96,"featured_media":0,"comment_status":"closed","ping_status":"closed","sticky":false,"template":"","format":"standard","meta":{"footnotes":""},"categories":[263],"tags":[],"class_list":["post-143879","post","type-post","status-publish","format-standard","hentry","category-jane-aragao"],"_links":{"self":[{"href":"https:\/\/diarioregionaldigital.com.br\/index.php?rest_route=\/wp\/v2\/posts\/143879","targetHints":{"allow":["GET"]}}],"collection":[{"href":"https:\/\/diarioregionaldigital.com.br\/index.php?rest_route=\/wp\/v2\/posts"}],"about":[{"href":"https:\/\/diarioregionaldigital.com.br\/index.php?rest_route=\/wp\/v2\/types\/post"}],"author":[{"embeddable":true,"href":"https:\/\/diarioregionaldigital.com.br\/index.php?rest_route=\/wp\/v2\/users\/96"}],"replies":[{"embeddable":true,"href":"https:\/\/diarioregionaldigital.com.br\/index.php?rest_route=%2Fwp%2Fv2%2Fcomments&post=143879"}],"version-history":[{"count":0,"href":"https:\/\/diarioregionaldigital.com.br\/index.php?rest_route=\/wp\/v2\/posts\/143879\/revisions"}],"wp:attachment":[{"href":"https:\/\/diarioregionaldigital.com.br\/index.php?rest_route=%2Fwp%2Fv2%2Fmedia&parent=143879"}],"wp:term":[{"taxonomy":"category","embeddable":true,"href":"https:\/\/diarioregionaldigital.com.br\/index.php?rest_route=%2Fwp%2Fv2%2Fcategories&post=143879"},{"taxonomy":"post_tag","embeddable":true,"href":"https:\/\/diarioregionaldigital.com.br\/index.php?rest_route=%2Fwp%2Fv2%2Ftags&post=143879"}],"curies":[{"name":"wp","href":"https:\/\/api.w.org\/{rel}","templated":true}]}}