{"id":143830,"date":"2019-07-13T07:35:58","date_gmt":"2019-07-13T10:35:58","guid":{"rendered":"https:\/\/diarioregionaldigital.com.br\/?p=143830"},"modified":"2019-07-13T09:40:37","modified_gmt":"2019-07-13T12:40:37","slug":"comissao-do-idoso-se-reune-com-o-inss-para-discutir-problemas-de-cobrancas-indevidas-aos-aposentados","status":"publish","type":"post","link":"https:\/\/diarioregionaldigital.com.br\/?p=143830","title":{"rendered":"Comiss\u00e3o do Idoso se re\u00fane com o INSS para discutir problemas de cobran\u00e7as indevidas aos aposentados"},"content":{"rendered":"<p>A Comiss\u00e3o Permanente de Defesa dos Direitos dos Idosos se reuniu na quarta-feira, 10, com o gerente executivo regional do Instituto Nacional do Seguro Social (INSS), Dr. Ed\u00e9sio Santos, para buscar informa\u00e7\u00f5es sobre os descontos indevidos praticados por associa\u00e7\u00f5es e entidades banc\u00e1rias nos benef\u00edcios previdenci\u00e1rios.<\/p>\n<p>A reuni\u00e3o contou com a participa\u00e7\u00e3o do presidente da Comiss\u00e3o, Kennedy Ribeiro (MDB), e dos vereadores Vagner de Oliveira (PSC), Juraci Scheffer (PT),\u00a0 Ana do Pde. Frederico (MDB), al\u00e9m de representantes do vereador Jo\u00e3o Coteca (PR). Tamb\u00e9m estiveram presentes representantes da Associa\u00e7\u00e3o dos Aposentados e Pensionistas de Juiz de Fora.<\/p>\n<p>No m\u00eas passado, a Comiss\u00e3o do Idoso visitou a Ag\u00eancia de Prote\u00e7\u00e3o e Defesa do Consumidor (Procon) para reunir dados sobre cobran\u00e7as indevidas que est\u00e3o sendo descontadas da aposentadoria. No Procon de Juiz de Fora, 30% das pessoas atendidas s\u00e3o idosas e o maior n\u00famero de reclama\u00e7\u00f5es refere-se a cobran\u00e7as indevidas de associa\u00e7\u00f5es que descontam valores em torno de 30 reais diretamente na folha de pagamento do idoso.<\/p>\n<p>Durante a reuni\u00e3o com o INSS, o Dr. Ed\u00e9sio Santos explicou que os idosos podem ligar para o n\u00famero 135 ao perceberem o desconto indevido na folha de pagamento. Com a den\u00fancia feita, \u00e9 gerado um n\u00famero de protocolo para o benefici\u00e1rio e o desconto \u00e9 suspenso. Em seguida, \u00e9 aberta uma investiga\u00e7\u00e3o para apurar os fatos. A Central 135 funciona de segunda a s\u00e1bado, das 7h \u00e0s 22h.<\/p>\n<p>Tamb\u00e9m foram discutidos\u00a0 problemas como as dificuldades dos idosos no acesso ao Extrato Previdenci\u00e1rio e a demora na concess\u00e3o das aposentadorias e pens\u00f5es. Ed\u00e9sio esclareceu que foi implantado um novo sistema, o \u201cMeu Inss\u201d, plataforma on-line que pode ser acessada pelo site do Inss e que facilita o acesso ao extrato, al\u00e9m de possuir 90 novas fun\u00e7\u00f5es. Quem tiver dificuldade para acessar a internet, ainda pode solicitar o extrato pelo telefone 135 e fazer a retirada na ag\u00eancia f\u00edsica.<\/p>\n<p>J\u00e1 em rela\u00e7\u00e3o ao tempo previsto para concess\u00e3o de aposentadoria, a expectativa \u00e9 que a m\u00e9dio prazo o tempo de concess\u00e3o volte a ser entre 30 e 90 dias. Ed\u00e9sio explicou que a quantidade de pessoas solicitando aposentadoria multiplicou em fun\u00e7\u00e3o da proposta de reforma da previd\u00eancia. Al\u00e9m disso, h\u00e1 um d\u00e9ficit de funcion\u00e1rios devido a n\u00e3o renova\u00e7\u00e3o de pessoal atrav\u00e9s de concurso p\u00fablico.<\/p>\n<p>Fonte: CMJF<\/p>\n","protected":false},"excerpt":{"rendered":"<p>A Comiss\u00e3o Permanente de Defesa dos Direitos dos Idosos se reuniu na quarta-feira, 10, com o gerente executivo regional do Instituto Nacional do Seguro Social (INSS), Dr. Ed\u00e9sio Santos, para buscar informa\u00e7\u00f5es sobre os descontos indevidos praticados por associa\u00e7\u00f5es e entidades banc\u00e1rias nos benef\u00edcios previdenci\u00e1rios. A reuni\u00e3o contou com a participa\u00e7\u00e3o do presidente da Comiss\u00e3o, [&hellip;]<\/p>\n","protected":false},"author":96,"featured_media":143831,"comment_status":"closed","ping_status":"closed","sticky":false,"template":"","format":"standard","meta":{"footnotes":""},"categories":[253,436,439],"tags":[],"class_list":["post-143830","post","type-post","status-publish","format-standard","has-post-thumbnail","hentry","category-cidade","category-destaque-da-semana","category-ultima-hora"],"_links":{"self":[{"href":"https:\/\/diarioregionaldigital.com.br\/index.php?rest_route=\/wp\/v2\/posts\/143830","targetHints":{"allow":["GET"]}}],"collection":[{"href":"https:\/\/diarioregionaldigital.com.br\/index.php?rest_route=\/wp\/v2\/posts"}],"about":[{"href":"https:\/\/diarioregionaldigital.com.br\/index.php?rest_route=\/wp\/v2\/types\/post"}],"author":[{"embeddable":true,"href":"https:\/\/diarioregionaldigital.com.br\/index.php?rest_route=\/wp\/v2\/users\/96"}],"replies":[{"embeddable":true,"href":"https:\/\/diarioregionaldigital.com.br\/index.php?rest_route=%2Fwp%2Fv2%2Fcomments&post=143830"}],"version-history":[{"count":0,"href":"https:\/\/diarioregionaldigital.com.br\/index.php?rest_route=\/wp\/v2\/posts\/143830\/revisions"}],"wp:featuredmedia":[{"embeddable":true,"href":"https:\/\/diarioregionaldigital.com.br\/index.php?rest_route=\/wp\/v2\/media\/143831"}],"wp:attachment":[{"href":"https:\/\/diarioregionaldigital.com.br\/index.php?rest_route=%2Fwp%2Fv2%2Fmedia&parent=143830"}],"wp:term":[{"taxonomy":"category","embeddable":true,"href":"https:\/\/diarioregionaldigital.com.br\/index.php?rest_route=%2Fwp%2Fv2%2Fcategories&post=143830"},{"taxonomy":"post_tag","embeddable":true,"href":"https:\/\/diarioregionaldigital.com.br\/index.php?rest_route=%2Fwp%2Fv2%2Ftags&post=143830"}],"curies":[{"name":"wp","href":"https:\/\/api.w.org\/{rel}","templated":true}]}}