{"id":143827,"date":"2019-07-13T07:30:23","date_gmt":"2019-07-13T10:30:23","guid":{"rendered":"https:\/\/diarioregionaldigital.com.br\/?p=143827"},"modified":"2019-07-13T09:41:56","modified_gmt":"2019-07-13T12:41:56","slug":"universiade-gabriel-constantino-ganha-ouro-nos-110m-com-barreiras","status":"publish","type":"post","link":"https:\/\/diarioregionaldigital.com.br\/?p=143827","title":{"rendered":"Univers\u00edade: Gabriel Constantino ganha ouro nos 110m com barreiras"},"content":{"rendered":"<p>Gabriel Constatino conquistou ontem (12) mais uma medalha de ouro para o atletismo brasileiro na Univers\u00edade de N\u00e1poles. O atleta venceu a final dos 110 metros com barreiras e subiu ao p\u00f3dio com uma das melhores marcas de sua carreira: 13 segundos e 22 cent\u00e9simos.<\/p>\n<p>Atr\u00e1s dele, chegaram o franc\u00eas Wilhem Belocian, com 13&#8217;30&#8221;, e o japon\u00eas Shunsuke Izumiya, com 13&#8217;49&#8221;. A final tinha ainda outro brasileiro na disputa, mas Paulo Silva chegou na s\u00e9tima coloca\u00e7\u00e3o, com 13&#8217;76&#8221;.<\/p>\n<p>A vit\u00f3ria de Gabriel elevou para quatro o n\u00famero de ouros do atletismo brasileiro, esporte em que o pa\u00eds mais chegou ao topo do p\u00f3dio nessa univers\u00edade. O outro ouro conquistado foi na nata\u00e7\u00e3o, com Jhenifer Concei\u00e7\u00e3o, na prova de 50 metros peito.<\/p>\n<div class=\"dnd-widget-wrapper context-medio_4colunas type-image atom-align-left\">\n<div class=\"dnd-atom-rendered\">\n<figure class=\"mejs-fotov-wrapper\"><img decoding=\"async\" class=\"img-responsive full full\" title=\"Thiago Parmalat\/CBDU\" src=\"http:\/\/imagens.ebc.com.br\/eq_JmqaiumEE4PfmslKr7Q8vzU0=\/365x0\/smart\/http:\/\/agenciabrasil.ebc.com.br\/sites\/default\/files\/thumbnails\/image\/atletismo-atlm20190712-tp-tpf-9676.jpg?itok=MJyU7AFy\" alt=\"Gabriel Constantino conquistou medalha de ouro nos 110m com barreiras fez um tempo de 13s22 \" \/><\/figure>\n<\/div>\n<div class=\"dnd-caption-wrapper\">\n<div class=\"meta\">Gabriel Constantino conquistou medalha de ouro nos 110m com barreiras fez um tempo de 13s22 &#8211;\u00a0<strong>Thiago Parmalat\/CBDU<\/strong><\/div>\n<\/div>\n<\/div>\n<h2>Ranking<\/h2>\n<p>Com cinco ouros, o Brasil est\u00e1 em 12\u00ba lugar no quadro geral de medalhas, pr\u00f3ximo da Austr\u00e1lia, que est\u00e1 em 11\u00ba por ter tr\u00eas pratas, contra duas do Brasil, que soma ainda nove medalhas de bronze.<\/p>\n<p>O Top 10 da competi\u00e7\u00e3o \u00e9 liderado pelo Jap\u00e3o, seguido por Estados Unidos, China, R\u00fassia, Cor\u00e9ia do Sul, It\u00e1lia, M\u00e9xico, Taipei Chinesa, \u00c1frica do Sul e Ir\u00e3.<\/p>\n<p>O Brasil tem a chance de subir mais degraus nessa lista na disputa que ter\u00e1 amanh\u00e3 contra o Jap\u00e3o na final do futebol masculino. Al\u00e9m disso, o atletismo ainda pode render mais medalhas, porque o pa\u00eds est\u00e1 na disputa nas provas de salto em dist\u00e2ncia e revezamento 4&#215;100 metros.<\/p>\n<p>A participa\u00e7\u00e3o do Brasil na Univers\u00edade de N\u00e1poles j\u00e1 superou o total de medalhas da \u00faltima edi\u00e7\u00e3o, realizada em Taipei, em 2017, quando o pa\u00eds disputou medalhas com quase o dobro de atletas do que os que foram neste ano \u00e0 It\u00e1lia.<\/p>\n<p>A Confedera\u00e7\u00e3o Brasileira do Desporto Universit\u00e1rio (CBDU) participa da olimp\u00edada universit\u00e1ria deste ano em sete modalidades e j\u00e1 conquistou medalhas em cinco: jud\u00f4, gin\u00e1stica art\u00edstica, nata\u00e7\u00e3o, atletismo e taekwondo.<\/p>\n<p>Considerada a olimp\u00edada do esporte universit\u00e1rio, a Univers\u00edade \u00e9 a segunda maior competi\u00e7\u00e3o poliesportiva do mundo, ficando atr\u00e1s apenas da pr\u00f3pria Olimp\u00edada.<\/p>\n<p>Fonte: Ag\u00eancia Brasil<\/p>\n","protected":false},"excerpt":{"rendered":"<p>Gabriel Constatino conquistou ontem (12) mais uma medalha de ouro para o atletismo brasileiro na Univers\u00edade de N\u00e1poles. O atleta venceu a final dos 110 metros com barreiras e subiu ao p\u00f3dio com uma das melhores marcas de sua carreira: 13 segundos e 22 cent\u00e9simos. Atr\u00e1s dele, chegaram o franc\u00eas Wilhem Belocian, com 13&#8217;30&#8221;, e [&hellip;]<\/p>\n","protected":false},"author":96,"featured_media":143828,"comment_status":"closed","ping_status":"closed","sticky":false,"template":"","format":"standard","meta":{"footnotes":""},"categories":[436,257,439],"tags":[],"class_list":["post-143827","post","type-post","status-publish","format-standard","has-post-thumbnail","hentry","category-destaque-da-semana","category-esporte","category-ultima-hora"],"_links":{"self":[{"href":"https:\/\/diarioregionaldigital.com.br\/index.php?rest_route=\/wp\/v2\/posts\/143827","targetHints":{"allow":["GET"]}}],"collection":[{"href":"https:\/\/diarioregionaldigital.com.br\/index.php?rest_route=\/wp\/v2\/posts"}],"about":[{"href":"https:\/\/diarioregionaldigital.com.br\/index.php?rest_route=\/wp\/v2\/types\/post"}],"author":[{"embeddable":true,"href":"https:\/\/diarioregionaldigital.com.br\/index.php?rest_route=\/wp\/v2\/users\/96"}],"replies":[{"embeddable":true,"href":"https:\/\/diarioregionaldigital.com.br\/index.php?rest_route=%2Fwp%2Fv2%2Fcomments&post=143827"}],"version-history":[{"count":0,"href":"https:\/\/diarioregionaldigital.com.br\/index.php?rest_route=\/wp\/v2\/posts\/143827\/revisions"}],"wp:featuredmedia":[{"embeddable":true,"href":"https:\/\/diarioregionaldigital.com.br\/index.php?rest_route=\/wp\/v2\/media\/143828"}],"wp:attachment":[{"href":"https:\/\/diarioregionaldigital.com.br\/index.php?rest_route=%2Fwp%2Fv2%2Fmedia&parent=143827"}],"wp:term":[{"taxonomy":"category","embeddable":true,"href":"https:\/\/diarioregionaldigital.com.br\/index.php?rest_route=%2Fwp%2Fv2%2Fcategories&post=143827"},{"taxonomy":"post_tag","embeddable":true,"href":"https:\/\/diarioregionaldigital.com.br\/index.php?rest_route=%2Fwp%2Fv2%2Ftags&post=143827"}],"curies":[{"name":"wp","href":"https:\/\/api.w.org\/{rel}","templated":true}]}}