{"id":143820,"date":"2019-07-13T07:37:49","date_gmt":"2019-07-13T10:37:49","guid":{"rendered":"https:\/\/diarioregionaldigital.com.br\/?p=143820"},"modified":"2019-07-13T09:40:27","modified_gmt":"2019-07-13T12:40:27","slug":"guarda-municipal-oferece-curso-de-informatica-para-pessoas-em-situacao-de-rua","status":"publish","type":"post","link":"https:\/\/diarioregionaldigital.com.br\/?p=143820","title":{"rendered":"Guarda Municipal oferece curso de inform\u00e1tica para pessoas em situa\u00e7\u00e3o de rua"},"content":{"rendered":"<p>A Guarda Municipal est\u00e1 promovendo curso de inicia\u00e7\u00e3o \u00e0 inform\u00e1tica para pessoas em situa\u00e7\u00e3o de rua, atendidas no Centro de Refer\u00eancia Especializado para a Popula\u00e7\u00e3o Adulta (Centro Pop). As aulas s\u00e3o abertas a todos os usu\u00e1rios do servi\u00e7o, com o limite de seis alunos por vez. Colocada em pr\u00e1tica em 2017, a inclus\u00e3o digital j\u00e1 beneficiou idosos, usu\u00e1rios do Centro Pop e egressos do sistema prisional.<\/p>\n<p>Todo o processo de aprendizagem se d\u00e1 por meio da plataforma digital em que o curso est\u00e1 hospedado. Os alunos conhecem ferramentas de edi\u00e7\u00e3o de texto, recursos da internet, inscri\u00e7\u00e3o em site de empregos, educa\u00e7\u00e3o a dist\u00e2ncia, m\u00eddias sociais, cria\u00e7\u00e3o de curr\u00edculos virtuais e e-mails.<\/p>\n<p>A Guarda Municipal aposta na iniciativa como ferramenta de promo\u00e7\u00e3o da cidadania e de preven\u00e7\u00e3o junto a grupos vulner\u00e1veis. Para a comandante da institui\u00e7\u00e3o, Emilce de Castro, o projeto vem cumprindo seu papel social: &#8220;Al\u00e9m de aproximar a Guarda Municipal da comunidade, para cada pessoa sensibilizada, que encontra usos e oportunidades a partir da inform\u00e1tica, estamos fazendo muito mais que a simples forma\u00e7\u00e3o oferecida no curso. Estamos promovendo a dignidade e a reintegra\u00e7\u00e3o de pessoas na sociedade&#8221;.<\/p>\n<p>Segundo a GM Roberta Mokdeci, respons\u00e1vel pela aplica\u00e7\u00e3o do curso: &#8220;As pessoas passam a lidar com um universo antes impens\u00e1vel para elas e come\u00e7am a compreender coisas que antes julgavam distantes da sua realidade. \u00c9 por isso que o curso \u00e9 uma forma de inclus\u00e3o digital real, pois os aproxima do mundo da inform\u00e1tica e abre novos horizontes de oportunidades&#8221;.<\/p>\n<p>Fonte: PJF<\/p>\n","protected":false},"excerpt":{"rendered":"<p>A Guarda Municipal est\u00e1 promovendo curso de inicia\u00e7\u00e3o \u00e0 inform\u00e1tica para pessoas em situa\u00e7\u00e3o de rua, atendidas no Centro de Refer\u00eancia Especializado para a Popula\u00e7\u00e3o Adulta (Centro Pop). As aulas s\u00e3o abertas a todos os usu\u00e1rios do servi\u00e7o, com o limite de seis alunos por vez. Colocada em pr\u00e1tica em 2017, a inclus\u00e3o digital j\u00e1 [&hellip;]<\/p>\n","protected":false},"author":96,"featured_media":143821,"comment_status":"closed","ping_status":"closed","sticky":false,"template":"","format":"standard","meta":{"footnotes":""},"categories":[253,436,439],"tags":[],"class_list":["post-143820","post","type-post","status-publish","format-standard","has-post-thumbnail","hentry","category-cidade","category-destaque-da-semana","category-ultima-hora"],"_links":{"self":[{"href":"https:\/\/diarioregionaldigital.com.br\/index.php?rest_route=\/wp\/v2\/posts\/143820","targetHints":{"allow":["GET"]}}],"collection":[{"href":"https:\/\/diarioregionaldigital.com.br\/index.php?rest_route=\/wp\/v2\/posts"}],"about":[{"href":"https:\/\/diarioregionaldigital.com.br\/index.php?rest_route=\/wp\/v2\/types\/post"}],"author":[{"embeddable":true,"href":"https:\/\/diarioregionaldigital.com.br\/index.php?rest_route=\/wp\/v2\/users\/96"}],"replies":[{"embeddable":true,"href":"https:\/\/diarioregionaldigital.com.br\/index.php?rest_route=%2Fwp%2Fv2%2Fcomments&post=143820"}],"version-history":[{"count":0,"href":"https:\/\/diarioregionaldigital.com.br\/index.php?rest_route=\/wp\/v2\/posts\/143820\/revisions"}],"wp:featuredmedia":[{"embeddable":true,"href":"https:\/\/diarioregionaldigital.com.br\/index.php?rest_route=\/wp\/v2\/media\/143821"}],"wp:attachment":[{"href":"https:\/\/diarioregionaldigital.com.br\/index.php?rest_route=%2Fwp%2Fv2%2Fmedia&parent=143820"}],"wp:term":[{"taxonomy":"category","embeddable":true,"href":"https:\/\/diarioregionaldigital.com.br\/index.php?rest_route=%2Fwp%2Fv2%2Fcategories&post=143820"},{"taxonomy":"post_tag","embeddable":true,"href":"https:\/\/diarioregionaldigital.com.br\/index.php?rest_route=%2Fwp%2Fv2%2Ftags&post=143820"}],"curies":[{"name":"wp","href":"https:\/\/api.w.org\/{rel}","templated":true}]}}