{"id":143817,"date":"2019-07-13T07:31:57","date_gmt":"2019-07-13T10:31:57","guid":{"rendered":"https:\/\/diarioregionaldigital.com.br\/?p=143817"},"modified":"2019-07-13T09:40:17","modified_gmt":"2019-07-13T12:40:17","slug":"vereador-apresenta-projeto-que-institui-cadastro-geral-para-demandas-de-procedimentos-de-saude","status":"publish","type":"post","link":"https:\/\/diarioregionaldigital.com.br\/?p=143817","title":{"rendered":"Vereador apresenta projeto que institui cadastro geral para demandas de procedimentos de sa\u00fade"},"content":{"rendered":"<p>Com o objetivo de garantir a transpar\u00eancia nas listas de espera para atendimentos de sa\u00fade, o vereador Cido Reis (PSB) apresentou na reuni\u00e3o dessa sexta-feira, 12, projeto de lei que determina a institui\u00e7\u00e3o de um Cadastro Geral de Demandas para Consultas, Cirurgias e de Exames para Apoio e Diagn\u00f3stico disponibilizados pelo Sistema \u00danico de Sa\u00fade (SUS).<\/p>\n<p>Com o cadastro geral, a ideia \u00e9 garantir que o servi\u00e7o seja prestado de acordo com a data do encaminhamento e a urg\u00eancia do procedimento. O projeto de lei prev\u00ea que o cadastro organize e torne p\u00fablica a ordem cronol\u00f3gica das demandas por procedimentos de sa\u00fade, tanto para os servi\u00e7os pr\u00f3prios como para os contratados e conveniados.<\/p>\n<p>Al\u00e9m do tipo de procedimento, o cadastro exigir\u00e1 tamb\u00e9m informa\u00e7\u00f5es sobre a data do encaminhamento, sua origem (Unidade Assistencial ou Munic\u00edpio), nome do paciente, cart\u00e3o do SUS, carteira de identifica\u00e7\u00e3o, CPF e o car\u00e1ter de procedimento (opcional ou de urg\u00eancia). Ap\u00f3s o cadastro, o cidad\u00e3o receber\u00e1 um n\u00famero de protocolo que deve ser usado para consultar o Sistema de Informa\u00e7\u00e3o Cadastral. Assim, os usu\u00e1rios poder\u00e3o acompanhar a posi\u00e7\u00e3o de seu pedido na ordem cronol\u00f3gica.<\/p>\n<p>&nbsp;<\/p>\n<p>Fonte: CMJF<\/p>\n","protected":false},"excerpt":{"rendered":"<p>Com o objetivo de garantir a transpar\u00eancia nas listas de espera para atendimentos de sa\u00fade, o vereador Cido Reis (PSB) apresentou na reuni\u00e3o dessa sexta-feira, 12, projeto de lei que determina a institui\u00e7\u00e3o de um Cadastro Geral de Demandas para Consultas, Cirurgias e de Exames para Apoio e Diagn\u00f3stico disponibilizados pelo Sistema \u00danico de Sa\u00fade [&hellip;]<\/p>\n","protected":false},"author":96,"featured_media":143818,"comment_status":"closed","ping_status":"closed","sticky":false,"template":"","format":"standard","meta":{"footnotes":""},"categories":[253,436,439],"tags":[],"class_list":["post-143817","post","type-post","status-publish","format-standard","has-post-thumbnail","hentry","category-cidade","category-destaque-da-semana","category-ultima-hora"],"_links":{"self":[{"href":"https:\/\/diarioregionaldigital.com.br\/index.php?rest_route=\/wp\/v2\/posts\/143817","targetHints":{"allow":["GET"]}}],"collection":[{"href":"https:\/\/diarioregionaldigital.com.br\/index.php?rest_route=\/wp\/v2\/posts"}],"about":[{"href":"https:\/\/diarioregionaldigital.com.br\/index.php?rest_route=\/wp\/v2\/types\/post"}],"author":[{"embeddable":true,"href":"https:\/\/diarioregionaldigital.com.br\/index.php?rest_route=\/wp\/v2\/users\/96"}],"replies":[{"embeddable":true,"href":"https:\/\/diarioregionaldigital.com.br\/index.php?rest_route=%2Fwp%2Fv2%2Fcomments&post=143817"}],"version-history":[{"count":0,"href":"https:\/\/diarioregionaldigital.com.br\/index.php?rest_route=\/wp\/v2\/posts\/143817\/revisions"}],"wp:featuredmedia":[{"embeddable":true,"href":"https:\/\/diarioregionaldigital.com.br\/index.php?rest_route=\/wp\/v2\/media\/143818"}],"wp:attachment":[{"href":"https:\/\/diarioregionaldigital.com.br\/index.php?rest_route=%2Fwp%2Fv2%2Fmedia&parent=143817"}],"wp:term":[{"taxonomy":"category","embeddable":true,"href":"https:\/\/diarioregionaldigital.com.br\/index.php?rest_route=%2Fwp%2Fv2%2Fcategories&post=143817"},{"taxonomy":"post_tag","embeddable":true,"href":"https:\/\/diarioregionaldigital.com.br\/index.php?rest_route=%2Fwp%2Fv2%2Ftags&post=143817"}],"curies":[{"name":"wp","href":"https:\/\/api.w.org\/{rel}","templated":true}]}}