{"id":143808,"date":"2019-07-13T07:11:55","date_gmt":"2019-07-13T10:11:55","guid":{"rendered":"https:\/\/diarioregionaldigital.com.br\/?p=143808"},"modified":"2019-07-13T09:38:37","modified_gmt":"2019-07-13T12:38:37","slug":"entidades-medicas-questionam-praticas-de-telemedicina","status":"publish","type":"post","link":"https:\/\/diarioregionaldigital.com.br\/?p=143808","title":{"rendered":"Entidades m\u00e9dicas questionam pr\u00e1ticas de telemedicina"},"content":{"rendered":"<p>Entidades m\u00e9dicas nacionais questionam os servi\u00e7os de telemedicina, como consulta \u00e0 dist\u00e2ncia utilizando aplicativos. Segundo o Conselho Federal de Medicina (CFM) e a Associa\u00e7\u00e3o M\u00e9dica Brasileira (ABM), os servi\u00e7os violam normas do setor e n\u00e3o asseguram uma pr\u00e1tica correta para garantir aos pacientes um tratamento adequado. Not\u00edcias veiculadas na imprensa indicaram que at\u00e9 mesmo planos de sa\u00fade estariam recorrendo \u00e0s consultas \u00e0 dist\u00e2ncia.<\/p>\n<p>A AMB apresentou uma den\u00fancia \u00e0 Ag\u00eancia Nacional de Sa\u00fade Suplementar (ANS) sobre \u201ca utiliza\u00e7\u00e3o temer\u00e1ria, sem o devido amparo legal, de aplicativos de comunica\u00e7\u00e3o para a realiza\u00e7\u00e3o de consultas a dist\u00e2ncia\u201d. Segundo a entidade, tais procedimentos abrem espa\u00e7o para uma burla \u00e0 Lei do Ato M\u00e9dico (<a href=\"http:\/\/www.planalto.gov.br\/ccivil_03\/_ato2011-2014\/2013\/lei\/l12842.htm\" target=\"_blank\" rel=\"noopener\">Lei 12.482 de 2013<\/a>).<\/p>\n<p>Na avalia\u00e7\u00e3o da AMB, a incorpora\u00e7\u00e3o de novas tecnologias \u201cpode ser positiva\u201d, mas desde que com \u201cdiretrizes respons\u00e1veis\u201d. A associa\u00e7\u00e3o considerou \u201carriscada e irrespons\u00e1vel a utiliza\u00e7\u00e3o de ineficientes mecanismos artificiais para substituir a rela\u00e7\u00e3o m\u00e9dico\/paciente, \u201cprincipalmente nas fases iniciais de diagn\u00f3stico\u201d.<\/p>\n<p>Segundo a AMB, o procedimento colocaria os pacientes \u201cem situa\u00e7\u00e3o de vulnerabilidade\u201d no momento dos primeiros exames, etapa importante do diagn\u00f3stico de pacientes. O uso desse expediente por planos de sa\u00fade \u00e9, conforme o comunicado da entidade, \u201cum movimento de redu\u00e7\u00e3o de custos das operadoras com atendimento presencial, escamoteando todos os riscos envolvidos\u201d.<\/p>\n<h2>CFM<\/h2>\n<p>Em nota, o CFM ressalta que o atendimento presencial e direto do m\u00e9dico \u00e9 \u201cregra para boa pr\u00e1tica m\u00e9dica\u201d e avalia que a modalidade configura \u201ca forma eficaz e segura e realizar diagn\u00f3stico e tratamento de doen\u00e7as\u201d. A entidade informou que notificar\u00e1 planos de sa\u00fade e hospitais que estejam atuando em desacordo com as normas do conselho profissional.<\/p>\n<p>O CFM ressalta ainda que o C\u00f3digo de \u00c9tica M\u00e9dica estabelece em seu artigo 37, que \u201c\u00e9 vedado ao m\u00e9dico prescrever tratamento ou outros procedimentos sem exame direto do paciente, salvo em casos de urg\u00eancia ou emerg\u00eancia e impossibilidade comprovada de realiz\u00e1-lo, devendo, nesse caso, faz\u00ea-lo imediatamente ap\u00f3s cessar o impedimento, assim como consultar, diagnosticar ou prescrever por qualquer meio de comunica\u00e7\u00e3o de massa\u201d.<\/p>\n<p>Pela Resolu\u00e7\u00e3o 1.643 de 2002, consultas e procedimentos s\u00f3 podem ocorrer com, pelo menos, um m\u00e9dico \u201cem cada ponta\u201d da comunica\u00e7\u00e3o. O conselho chegou a editar uma nova norma sobre o tema no in\u00edcio do ano, mas recuou e abriu uma consulta p\u00fablica para discutir a atualiza\u00e7\u00e3o das regras para essa pr\u00e1tica. A sondagem est\u00e1 aberta at\u00e9 o dia 31 de julho.<\/p>\n<h2>ANS<\/h2>\n<p>Em nota, a Ag\u00eancia Nacional de Sa\u00fade Suplementar (ANS) disse que \u201ca regula\u00e7\u00e3o da sa\u00fade suplementar n\u00e3o impede a pr\u00e1tica do teleatendimento no setor, respeitadas as atribui\u00e7\u00f5es dos conselhos profissionais. A ag\u00eancia destaca ainda que a realiza\u00e7\u00e3o desse tipo de atendimento na sa\u00fade suplementar n\u00e3o poder\u00e1 comprometer o atendimento a que os benefici\u00e1rios de planos de sa\u00fade t\u00eam direito, dentro dos prazos m\u00e1ximos estabelecidos.<\/p>\n<p>Fonte: Ag\u00eancia Brasil<\/p>\n","protected":false},"excerpt":{"rendered":"<p>Entidades m\u00e9dicas nacionais questionam os servi\u00e7os de telemedicina, como consulta \u00e0 dist\u00e2ncia utilizando aplicativos. Segundo o Conselho Federal de Medicina (CFM) e a Associa\u00e7\u00e3o M\u00e9dica Brasileira (ABM), os servi\u00e7os violam normas do setor e n\u00e3o asseguram uma pr\u00e1tica correta para garantir aos pacientes um tratamento adequado. Not\u00edcias veiculadas na imprensa indicaram que at\u00e9 mesmo planos [&hellip;]<\/p>\n","protected":false},"author":96,"featured_media":97709,"comment_status":"closed","ping_status":"closed","sticky":false,"template":"","format":"standard","meta":{"footnotes":""},"categories":[302,436,439],"tags":[],"class_list":["post-143808","post","type-post","status-publish","format-standard","has-post-thumbnail","hentry","category-brasil-mundo","category-destaque-da-semana","category-ultima-hora"],"_links":{"self":[{"href":"https:\/\/diarioregionaldigital.com.br\/index.php?rest_route=\/wp\/v2\/posts\/143808","targetHints":{"allow":["GET"]}}],"collection":[{"href":"https:\/\/diarioregionaldigital.com.br\/index.php?rest_route=\/wp\/v2\/posts"}],"about":[{"href":"https:\/\/diarioregionaldigital.com.br\/index.php?rest_route=\/wp\/v2\/types\/post"}],"author":[{"embeddable":true,"href":"https:\/\/diarioregionaldigital.com.br\/index.php?rest_route=\/wp\/v2\/users\/96"}],"replies":[{"embeddable":true,"href":"https:\/\/diarioregionaldigital.com.br\/index.php?rest_route=%2Fwp%2Fv2%2Fcomments&post=143808"}],"version-history":[{"count":0,"href":"https:\/\/diarioregionaldigital.com.br\/index.php?rest_route=\/wp\/v2\/posts\/143808\/revisions"}],"wp:featuredmedia":[{"embeddable":true,"href":"https:\/\/diarioregionaldigital.com.br\/index.php?rest_route=\/wp\/v2\/media\/97709"}],"wp:attachment":[{"href":"https:\/\/diarioregionaldigital.com.br\/index.php?rest_route=%2Fwp%2Fv2%2Fmedia&parent=143808"}],"wp:term":[{"taxonomy":"category","embeddable":true,"href":"https:\/\/diarioregionaldigital.com.br\/index.php?rest_route=%2Fwp%2Fv2%2Fcategories&post=143808"},{"taxonomy":"post_tag","embeddable":true,"href":"https:\/\/diarioregionaldigital.com.br\/index.php?rest_route=%2Fwp%2Fv2%2Ftags&post=143808"}],"curies":[{"name":"wp","href":"https:\/\/api.w.org\/{rel}","templated":true}]}}