{"id":143806,"date":"2019-07-13T07:09:22","date_gmt":"2019-07-13T10:09:22","guid":{"rendered":"https:\/\/diarioregionaldigital.com.br\/?p=143806"},"modified":"2019-07-13T09:36:57","modified_gmt":"2019-07-13T12:36:57","slug":"presidente-do-bndes-anuncia-nova-diretoria","status":"publish","type":"post","link":"https:\/\/diarioregionaldigital.com.br\/?p=143806","title":{"rendered":"Presidente do BNDES anuncia nova diretoria"},"content":{"rendered":"<p>O presidente do Banco Nacional de Desenvolvimento Econ\u00f4mico e Social (BNDES), Gustavo Montezano, disse na sexta-feira (12), ao anunciar a nova diretoria do banco, que a atua\u00e7\u00e3o da institui\u00e7\u00e3o ser\u00e1 refor\u00e7ada como um banco de servi\u00e7os para o Estado brasileiro, concentrando atividades em projetos de impacto social.<\/p>\n<p>Segundo Montezano, a principal mudan\u00e7a na dire\u00e7\u00e3o da institui\u00e7\u00e3o \u00e9 a cria\u00e7\u00e3o da diretoria de Neg\u00f3cios e Servi\u00e7os, cujo foco ser\u00e1 o atendimento a clientes p\u00fablicos, destacando a Uni\u00e3o, estados e munic\u00edpios. Ser\u00e1 institu\u00edda a Diretoria de Rela\u00e7\u00f5es Institucionais e Governo, com sede em Bras\u00edlia, com a miss\u00e3o de atender os clientes p\u00fablicos, viabilizando solu\u00e7\u00f5es que repercutam de forma positiva para os cidad\u00e3os brasileiros.<\/p>\n<div class=\"dnd-widget-wrapper context-grande_6colunas type-image atom-align-left\">\n<div class=\"dnd-atom-rendered\">\n<figure class=\"mejs-fotoh-wrapper\"><img decoding=\"async\" class=\"img-responsive full full\" title=\"Hoana Gon\u00e7alves\/Minist\u00e9rio da Economia\" src=\"http:\/\/imagens.ebc.com.br\/AeLrD40j8SKslXHdD3VzM2XmcX8=\/463x0\/smart\/http:\/\/agenciabrasil.ebc.com.br\/sites\/default\/files\/thumbnails\/image\/48082424252_9c03ca4cb2_o.jpg?itok=bgaJu0mg\" alt=\"O secret\u00e1rio adjunto de Desestatiza\u00e7\u00e3o e Desinvestimento, Gustavo Montezano, ser\u00e1 o novo presidente do Banco Nacional de Desenvolvimento Econ\u00f4mico e Social (BNDES).\" \/><\/figure>\n<\/div>\n<div class=\"dnd-caption-wrapper\">\n<h6 class=\"meta\">Gustavo Montezano tomar\u00e1 posse na presid\u00eancia do BNDES na ter\u00e7a-feira, em Bras\u00edlia &#8211; Hoana Gon\u00e7alves\/Minist\u00e9rio da Economia<\/h6>\n<\/div>\n<\/div>\n<p>O BNDES ter\u00e1 tamb\u00e9m uma diretoria de Compliance (governan\u00e7a) e uma de Recursos Humanos, que tratar\u00e1 da adapta\u00e7\u00e3o dos empregados \u00e0 nova estrat\u00e9gia do banco.<\/p>\n<p>Integram a nova diretoria do BNDES Leonardo Cabral (Privatiza\u00e7\u00f5es), Adalberto Vasconcelos (Rela\u00e7\u00f5es Institucionais e Governo), Ricardo Barros (Opera\u00e7\u00f5es), Alexandre Marques (\u2018Compliance\u2019) e Saulo Puttini (Jur\u00eddica). Os titulares das outras tr\u00eas diretorias (Empresas, Estrat\u00e9gia e Transforma\u00e7\u00f5es Digitais e Finan\u00e7as) ainda n\u00e3o foram definidos. Denise Pavarina, Roberto Marucco e Jos\u00e9 Fl\u00e1vio Ramos permanecem interinamente ocupando esses cargos durante o per\u00edodo de transi\u00e7\u00e3o.<\/p>\n<p>Gustavo Montezano tomar\u00e1 posse na pr\u00f3xima ter\u00e7a-feira (16), no Pal\u00e1cio do Planalto, em Bras\u00edlia. Ele assume o lugar de Joaquim Levy, que pediu demiss\u00e3o da presid\u00eancia do BNDES em junho.<\/p>\n<p>Fonte: Ag\u00eancia Brasil<\/p>\n","protected":false},"excerpt":{"rendered":"<p>O presidente do Banco Nacional de Desenvolvimento Econ\u00f4mico e Social (BNDES), Gustavo Montezano, disse na sexta-feira (12), ao anunciar a nova diretoria do banco, que a atua\u00e7\u00e3o da institui\u00e7\u00e3o ser\u00e1 refor\u00e7ada como um banco de servi\u00e7os para o Estado brasileiro, concentrando atividades em projetos de impacto social. Segundo Montezano, a principal mudan\u00e7a na dire\u00e7\u00e3o da [&hellip;]<\/p>\n","protected":false},"author":96,"featured_media":105072,"comment_status":"closed","ping_status":"closed","sticky":false,"template":"","format":"standard","meta":{"footnotes":""},"categories":[436,261,439],"tags":[],"class_list":["post-143806","post","type-post","status-publish","format-standard","has-post-thumbnail","hentry","category-destaque-da-semana","category-economia","category-ultima-hora"],"_links":{"self":[{"href":"https:\/\/diarioregionaldigital.com.br\/index.php?rest_route=\/wp\/v2\/posts\/143806","targetHints":{"allow":["GET"]}}],"collection":[{"href":"https:\/\/diarioregionaldigital.com.br\/index.php?rest_route=\/wp\/v2\/posts"}],"about":[{"href":"https:\/\/diarioregionaldigital.com.br\/index.php?rest_route=\/wp\/v2\/types\/post"}],"author":[{"embeddable":true,"href":"https:\/\/diarioregionaldigital.com.br\/index.php?rest_route=\/wp\/v2\/users\/96"}],"replies":[{"embeddable":true,"href":"https:\/\/diarioregionaldigital.com.br\/index.php?rest_route=%2Fwp%2Fv2%2Fcomments&post=143806"}],"version-history":[{"count":0,"href":"https:\/\/diarioregionaldigital.com.br\/index.php?rest_route=\/wp\/v2\/posts\/143806\/revisions"}],"wp:featuredmedia":[{"embeddable":true,"href":"https:\/\/diarioregionaldigital.com.br\/index.php?rest_route=\/wp\/v2\/media\/105072"}],"wp:attachment":[{"href":"https:\/\/diarioregionaldigital.com.br\/index.php?rest_route=%2Fwp%2Fv2%2Fmedia&parent=143806"}],"wp:term":[{"taxonomy":"category","embeddable":true,"href":"https:\/\/diarioregionaldigital.com.br\/index.php?rest_route=%2Fwp%2Fv2%2Fcategories&post=143806"},{"taxonomy":"post_tag","embeddable":true,"href":"https:\/\/diarioregionaldigital.com.br\/index.php?rest_route=%2Fwp%2Fv2%2Ftags&post=143806"}],"curies":[{"name":"wp","href":"https:\/\/api.w.org\/{rel}","templated":true}]}}