{"id":143803,"date":"2019-07-13T07:04:42","date_gmt":"2019-07-13T10:04:42","guid":{"rendered":"https:\/\/diarioregionaldigital.com.br\/?p=143803"},"modified":"2019-07-13T09:38:29","modified_gmt":"2019-07-13T12:38:29","slug":"japao-e-coreia-do-sul-debatem-restricao-a-exportacao-de-tecnologia","status":"publish","type":"post","link":"https:\/\/diarioregionaldigital.com.br\/?p=143803","title":{"rendered":"Jap\u00e3o e Coreia do Sul debatem restri\u00e7\u00e3o \u00e0 exporta\u00e7\u00e3o de tecnologia"},"content":{"rendered":"<p>Os governos japon\u00eas e sul-coreano est\u00e3o debatendo na sexta-feira (12), em T\u00f3quio, as restri\u00e7\u00f5es mais rigorosas adotadas pelo Jap\u00e3o sobre exporta\u00e7\u00e3o de alguns insumos para a Coreia do Sul.<\/p>\n<p>Trata-se do primeiro encontro entre os dois pa\u00edses desde que o Jap\u00e3o implementou a medida na semana passada.<\/p>\n<p>As restri\u00e7\u00f5es mais rigorosas se referem a tr\u00eas insumos para a Coreia do Sul. Os itens s\u00e3o usados para a produ\u00e7\u00e3o de semicondutores e outros equipamentos de alta tecnologia.<\/p>\n<p>Autoridades japonesas afirmam que o controle comercial da Coreia do Sul n\u00e3o \u00e9 rigoroso, o que levanta quest\u00f5es de seguran\u00e7a.<\/p>\n<p>A reuni\u00e3o entre t\u00e9cnicos dos dois pa\u00edses foi organizada atendendo a solicita\u00e7\u00e3o do governo sul-coreano.<\/p>\n<p>A Coreia do Sul exige que o Jap\u00e3o suspenda a medida.<\/p>\n<p>Fonte: Ag\u00eancia Brasil<\/p>\n","protected":false},"excerpt":{"rendered":"<p>Os governos japon\u00eas e sul-coreano est\u00e3o debatendo na sexta-feira (12), em T\u00f3quio, as restri\u00e7\u00f5es mais rigorosas adotadas pelo Jap\u00e3o sobre exporta\u00e7\u00e3o de alguns insumos para a Coreia do Sul. Trata-se do primeiro encontro entre os dois pa\u00edses desde que o Jap\u00e3o implementou a medida na semana passada. As restri\u00e7\u00f5es mais rigorosas se referem a tr\u00eas [&hellip;]<\/p>\n","protected":false},"author":96,"featured_media":143804,"comment_status":"closed","ping_status":"closed","sticky":false,"template":"","format":"standard","meta":{"footnotes":""},"categories":[302,436,439],"tags":[],"class_list":["post-143803","post","type-post","status-publish","format-standard","has-post-thumbnail","hentry","category-brasil-mundo","category-destaque-da-semana","category-ultima-hora"],"_links":{"self":[{"href":"https:\/\/diarioregionaldigital.com.br\/index.php?rest_route=\/wp\/v2\/posts\/143803","targetHints":{"allow":["GET"]}}],"collection":[{"href":"https:\/\/diarioregionaldigital.com.br\/index.php?rest_route=\/wp\/v2\/posts"}],"about":[{"href":"https:\/\/diarioregionaldigital.com.br\/index.php?rest_route=\/wp\/v2\/types\/post"}],"author":[{"embeddable":true,"href":"https:\/\/diarioregionaldigital.com.br\/index.php?rest_route=\/wp\/v2\/users\/96"}],"replies":[{"embeddable":true,"href":"https:\/\/diarioregionaldigital.com.br\/index.php?rest_route=%2Fwp%2Fv2%2Fcomments&post=143803"}],"version-history":[{"count":0,"href":"https:\/\/diarioregionaldigital.com.br\/index.php?rest_route=\/wp\/v2\/posts\/143803\/revisions"}],"wp:featuredmedia":[{"embeddable":true,"href":"https:\/\/diarioregionaldigital.com.br\/index.php?rest_route=\/wp\/v2\/media\/143804"}],"wp:attachment":[{"href":"https:\/\/diarioregionaldigital.com.br\/index.php?rest_route=%2Fwp%2Fv2%2Fmedia&parent=143803"}],"wp:term":[{"taxonomy":"category","embeddable":true,"href":"https:\/\/diarioregionaldigital.com.br\/index.php?rest_route=%2Fwp%2Fv2%2Fcategories&post=143803"},{"taxonomy":"post_tag","embeddable":true,"href":"https:\/\/diarioregionaldigital.com.br\/index.php?rest_route=%2Fwp%2Fv2%2Ftags&post=143803"}],"curies":[{"name":"wp","href":"https:\/\/api.w.org\/{rel}","templated":true}]}}