{"id":143800,"date":"2019-07-13T07:02:42","date_gmt":"2019-07-13T10:02:42","guid":{"rendered":"https:\/\/diarioregionaldigital.com.br\/?p=143800"},"modified":"2019-07-13T09:38:20","modified_gmt":"2019-07-13T12:38:20","slug":"cartilha-orienta-pais-sobre-transporte-correto-de-criancas-em-veiculos","status":"publish","type":"post","link":"https:\/\/diarioregionaldigital.com.br\/?p=143800","title":{"rendered":"Cartilha orienta pais sobre transporte correto de crian\u00e7as em ve\u00edculos"},"content":{"rendered":"<p>O Conselho Federal de Medicina (CFM), a Associa\u00e7\u00e3o Brasileira de Medicina de Tr\u00e1fego (Abramet) e a Sociedade Brasileira de Pediatria (SBP) lan\u00e7am na pr\u00f3xima semana uma cartilha para ajudar pais e respons\u00e1veis a colocar crian\u00e7as no carro de maneira correta, sem preju\u00edzos \u00e0 sa\u00fade.<\/p>\n<p>Segundo a cartilha, crian\u00e7as devem sempre que poss\u00edvel ser transportadas no banco traseiro dos ve\u00edculos automotores e preferencialmente ocupar a posi\u00e7\u00e3o central nesse banco. Caso o ve\u00edculo n\u00e3o tenha cinto de tr\u00eas pontos na posi\u00e7\u00e3o central do banco traseiro, o dispositivo de reten\u00e7\u00e3o infantil dever\u00e1 ser instalado nas posi\u00e7\u00f5es do banco de tr\u00e1s onde houver esse cinto. O airbag do passageiro dever\u00e1 ser desativado quando o ve\u00edculo transportar crian\u00e7as no banco da frente.<\/p>\n<p>\u201cEsses equipamentos foram projetados para dar mais seguran\u00e7a aos usu\u00e1rios em casos de colis\u00e3o ou de desacelera\u00e7\u00e3o repentina. Conforme mostram os n\u00fameros, eles t\u00eam sido fundamentais para salvar milhares de vidas ao longo destes anos\u201d, diz o primeiro vice-presidente do CFM, Mauro Ribeiro.<\/p>\n<p>A cartilha conta com orienta\u00e7\u00f5es do Conselho Nacional de Tr\u00e2nsito (Contran) e da Organiza\u00e7\u00e3o Mundial da Sa\u00fade (OMS). Segundo Ant\u00f4nio Meira J\u00fanior, diretor da Abramet e um dos idealizadores do livreto, os m\u00e9dicos s\u00e3o profissionais fundamentais para recomendar a forma apropriada de conduzir uma crian\u00e7a em um ve\u00edculo.<\/p>\n<p>A cartilha completa pode ser consultada\u00a0<a href=\"http:\/\/portal.cfm.org.br\/images\/PDF\/cartilhacadeirinhascfmabramet.pdf\" target=\"_blank\" rel=\"noopener\">na internet<\/a>.<\/p>\n<p>Fonte: Ag\u00eancia Brasil<\/p>\n","protected":false},"excerpt":{"rendered":"<p>O Conselho Federal de Medicina (CFM), a Associa\u00e7\u00e3o Brasileira de Medicina de Tr\u00e1fego (Abramet) e a Sociedade Brasileira de Pediatria (SBP) lan\u00e7am na pr\u00f3xima semana uma cartilha para ajudar pais e respons\u00e1veis a colocar crian\u00e7as no carro de maneira correta, sem preju\u00edzos \u00e0 sa\u00fade. Segundo a cartilha, crian\u00e7as devem sempre que poss\u00edvel ser transportadas no [&hellip;]<\/p>\n","protected":false},"author":96,"featured_media":143801,"comment_status":"closed","ping_status":"closed","sticky":false,"template":"","format":"standard","meta":{"footnotes":""},"categories":[302,436,439],"tags":[],"class_list":["post-143800","post","type-post","status-publish","format-standard","has-post-thumbnail","hentry","category-brasil-mundo","category-destaque-da-semana","category-ultima-hora"],"_links":{"self":[{"href":"https:\/\/diarioregionaldigital.com.br\/index.php?rest_route=\/wp\/v2\/posts\/143800","targetHints":{"allow":["GET"]}}],"collection":[{"href":"https:\/\/diarioregionaldigital.com.br\/index.php?rest_route=\/wp\/v2\/posts"}],"about":[{"href":"https:\/\/diarioregionaldigital.com.br\/index.php?rest_route=\/wp\/v2\/types\/post"}],"author":[{"embeddable":true,"href":"https:\/\/diarioregionaldigital.com.br\/index.php?rest_route=\/wp\/v2\/users\/96"}],"replies":[{"embeddable":true,"href":"https:\/\/diarioregionaldigital.com.br\/index.php?rest_route=%2Fwp%2Fv2%2Fcomments&post=143800"}],"version-history":[{"count":0,"href":"https:\/\/diarioregionaldigital.com.br\/index.php?rest_route=\/wp\/v2\/posts\/143800\/revisions"}],"wp:featuredmedia":[{"embeddable":true,"href":"https:\/\/diarioregionaldigital.com.br\/index.php?rest_route=\/wp\/v2\/media\/143801"}],"wp:attachment":[{"href":"https:\/\/diarioregionaldigital.com.br\/index.php?rest_route=%2Fwp%2Fv2%2Fmedia&parent=143800"}],"wp:term":[{"taxonomy":"category","embeddable":true,"href":"https:\/\/diarioregionaldigital.com.br\/index.php?rest_route=%2Fwp%2Fv2%2Fcategories&post=143800"},{"taxonomy":"post_tag","embeddable":true,"href":"https:\/\/diarioregionaldigital.com.br\/index.php?rest_route=%2Fwp%2Fv2%2Ftags&post=143800"}],"curies":[{"name":"wp","href":"https:\/\/api.w.org\/{rel}","templated":true}]}}