{"id":143795,"date":"2019-07-12T15:05:59","date_gmt":"2019-07-12T18:05:59","guid":{"rendered":"https:\/\/diarioregionaldigital.com.br\/?p=143795"},"modified":"2019-07-12T15:05:59","modified_gmt":"2019-07-12T18:05:59","slug":"brasil-estreia-com-2-ouros-e-1-prata-no-paralimpico-de-halterofilismo","status":"publish","type":"post","link":"https:\/\/diarioregionaldigital.com.br\/?p=143795","title":{"rendered":"Brasil estreia com 2 ouros e 1 prata no Paral\u00edmpico de Halterofilismo"},"content":{"rendered":"<p>Na estreia no Mundial Paral\u00edmpico de Halterofilismo, em Nur-Sultan, no Cazaquist\u00e3o, o Brasil conquistou nesta sexta-feira (12) duas medalhas de ouro e uma de prata. O amazonense Lucas Manoel, na categoria at\u00e9 49kg, e o paulista Marcos Terentino, at\u00e9 54 kg, ficaram com o lugar mais alto do p\u00f3dio, na classe j\u00fanior, enquanto Vinicius Freitas, at\u00e9 80kg, ficou em segundo lugar.<\/p>\n<p>Lucas Manoel \u00e9 campe\u00e3o mundial j\u00fanior pela segunda vez seguida. Ele j\u00e1 havia conquistado o ouro no Mundial realizado na Cidade do M\u00e9xico, h\u00e1 dois anos. Nesta sexta-feira, ele enfrentou o jordaniano de 17 anos, Mohammad Alshnaiti, e venceu ao levantar 126 kg.<\/p>\n<p>&#8220;A competi\u00e7\u00e3o foi do jeito que eu gosto, com os atletas muito pr\u00f3ximos em termos de marca. Esperava conquistar o bicampeonato e felizmente pude alcan\u00e7\u00e1-lo. Espero continuar evoluindo daqui em diante&#8221;, disse Lucas, que sofre de uma m\u00e1-forma\u00e7\u00e3o no membro devido a uma infec\u00e7\u00e3o no f\u00eamur da perna direita ocorrida no nascimento.<\/p>\n<p>Marcos Terentino tamb\u00e9m sofreu press\u00e3o de um de seus rivais na briga pelo ouro. Ap\u00f3s registrar levantamentos de 93 kg e 95 kg nas duas primeiras tentativas, o brasileiro foi ultrapassado pelo cazaque Zakhar Buimov, que posicionou-se \u00e0 frente com os mesmos 95 kg. Marcos, de 20 anos, n\u00e3o intimidou-se e conseguiu os 96 kg necess\u00e1rios para assegurar o segundo ouro brasileiro do dia.<\/p>\n<p>Al\u00e9m de Lucas e Marcos, outros dois brasileiros tamb\u00e9m estiveram em a\u00e7\u00e3o hoje. O mineiro Vinicius Freitas ficou com a medalha de prata na categoria at\u00e9 80kg. Sua conterr\u00e2nea Lara Aparecida disputou a categoria at\u00e9 41kg feminina, mas queimou suas tr\u00eas tentativas com 73 kg na barra.<\/p>\n<p>Neste s\u00e1bado (13), come\u00e7am as disputas das classes adultas. Lara Aparecida representar\u00e1 o Brasil entre as mulheres, na categoria at\u00e9 41kg, \u00e0s 2h30 da madrugada (hor\u00e1rio de Bras\u00edlia), enquanto o potiguar Jo\u00e3o Maria de Fran\u00e7a J\u00fanior estar\u00e1 em a\u00e7\u00e3o entre os homens com at\u00e9 49 kg, a partir das 5h30.<\/p>\n<p>Fonte: Ag\u00eancia Brasil<\/p>\n","protected":false},"excerpt":{"rendered":"<p>Na estreia no Mundial Paral\u00edmpico de Halterofilismo, em Nur-Sultan, no Cazaquist\u00e3o, o Brasil conquistou nesta sexta-feira (12) duas medalhas de ouro e uma de prata. O amazonense Lucas Manoel, na categoria at\u00e9 49kg, e o paulista Marcos Terentino, at\u00e9 54 kg, ficaram com o lugar mais alto do p\u00f3dio, na classe j\u00fanior, enquanto Vinicius Freitas, [&hellip;]<\/p>\n","protected":false},"author":96,"featured_media":143798,"comment_status":"closed","ping_status":"closed","sticky":false,"template":"","format":"standard","meta":{"footnotes":""},"categories":[436,257,439],"tags":[],"class_list":["post-143795","post","type-post","status-publish","format-standard","has-post-thumbnail","hentry","category-destaque-da-semana","category-esporte","category-ultima-hora"],"_links":{"self":[{"href":"https:\/\/diarioregionaldigital.com.br\/index.php?rest_route=\/wp\/v2\/posts\/143795","targetHints":{"allow":["GET"]}}],"collection":[{"href":"https:\/\/diarioregionaldigital.com.br\/index.php?rest_route=\/wp\/v2\/posts"}],"about":[{"href":"https:\/\/diarioregionaldigital.com.br\/index.php?rest_route=\/wp\/v2\/types\/post"}],"author":[{"embeddable":true,"href":"https:\/\/diarioregionaldigital.com.br\/index.php?rest_route=\/wp\/v2\/users\/96"}],"replies":[{"embeddable":true,"href":"https:\/\/diarioregionaldigital.com.br\/index.php?rest_route=%2Fwp%2Fv2%2Fcomments&post=143795"}],"version-history":[{"count":0,"href":"https:\/\/diarioregionaldigital.com.br\/index.php?rest_route=\/wp\/v2\/posts\/143795\/revisions"}],"wp:featuredmedia":[{"embeddable":true,"href":"https:\/\/diarioregionaldigital.com.br\/index.php?rest_route=\/wp\/v2\/media\/143798"}],"wp:attachment":[{"href":"https:\/\/diarioregionaldigital.com.br\/index.php?rest_route=%2Fwp%2Fv2%2Fmedia&parent=143795"}],"wp:term":[{"taxonomy":"category","embeddable":true,"href":"https:\/\/diarioregionaldigital.com.br\/index.php?rest_route=%2Fwp%2Fv2%2Fcategories&post=143795"},{"taxonomy":"post_tag","embeddable":true,"href":"https:\/\/diarioregionaldigital.com.br\/index.php?rest_route=%2Fwp%2Fv2%2Ftags&post=143795"}],"curies":[{"name":"wp","href":"https:\/\/api.w.org\/{rel}","templated":true}]}}