{"id":143790,"date":"2019-07-12T11:20:51","date_gmt":"2019-07-12T14:20:51","guid":{"rendered":"https:\/\/diarioregionaldigital.com.br\/?p=143790"},"modified":"2019-07-12T11:20:51","modified_gmt":"2019-07-12T14:20:51","slug":"setor-de-servicos-fica-estavel-de-abril-para-maio","status":"publish","type":"post","link":"https:\/\/diarioregionaldigital.com.br\/?p=143790","title":{"rendered":"Setor de servi\u00e7os fica est\u00e1vel de abril para maio"},"content":{"rendered":"<p>O volume de servi\u00e7os no Brasil ficou est\u00e1vel na passagem de abril para maio deste ano, depois de ter avan\u00e7ado 0,5% de mar\u00e7o para abril. Antes disso, o setor havia registrado tr\u00eas quedas consecutivas, que acumularam perda de 1,6%. O dado, da Pesquisa Mensal de Servi\u00e7os (PMS), foi divulgado hoje (12) pelo Instituto Brasileiro de Geografia e Estat\u00edstica (IBGE).<\/p>\n<p>De acordo com o IBGE, o volume de servi\u00e7os cresceu 4,8% na compara\u00e7\u00e3o com maio do ano passado, 1,4% no acumulado do ano e 1,1% no acumulado de 12 meses.<\/p>\n<p>A receita nominal do setor cresceu 0,6% na compara\u00e7\u00e3o com abril, 9,2% na compara\u00e7\u00e3o com maio do ano passado, 5,1% no acumulado do ano e 4,3% no acumulado de 12 meses.<\/p>\n<p>Na passagem de abril para maio, quatro das cinco atividades cresceram, com destaque para o ramo de servi\u00e7os de informa\u00e7\u00e3o e comunica\u00e7\u00e3o (1,7%). Tamb\u00e9m foram observados avan\u00e7os em outros servi\u00e7os (2,6%), servi\u00e7os profissionais, administrativos e complementares (0,7%) e servi\u00e7os prestados \u00e0s fam\u00edlias (0,5%).<\/p>\n<p>Por outro lado, os transportes, servi\u00e7os auxiliares aos transportes e correio recuaram 0,6% e foram o \u00fanico setor a apresentar taxa negativa na \u00e1rea de servi\u00e7os.<\/p>\n<p>Fonte: Ag\u00eancia Brasil<\/p>\n","protected":false},"excerpt":{"rendered":"<p>O volume de servi\u00e7os no Brasil ficou est\u00e1vel na passagem de abril para maio deste ano, depois de ter avan\u00e7ado 0,5% de mar\u00e7o para abril. Antes disso, o setor havia registrado tr\u00eas quedas consecutivas, que acumularam perda de 1,6%. O dado, da Pesquisa Mensal de Servi\u00e7os (PMS), foi divulgado hoje (12) pelo Instituto Brasileiro de [&hellip;]<\/p>\n","protected":false},"author":96,"featured_media":143792,"comment_status":"closed","ping_status":"closed","sticky":false,"template":"","format":"standard","meta":{"footnotes":""},"categories":[436,261,439],"tags":[],"class_list":["post-143790","post","type-post","status-publish","format-standard","has-post-thumbnail","hentry","category-destaque-da-semana","category-economia","category-ultima-hora"],"_links":{"self":[{"href":"https:\/\/diarioregionaldigital.com.br\/index.php?rest_route=\/wp\/v2\/posts\/143790","targetHints":{"allow":["GET"]}}],"collection":[{"href":"https:\/\/diarioregionaldigital.com.br\/index.php?rest_route=\/wp\/v2\/posts"}],"about":[{"href":"https:\/\/diarioregionaldigital.com.br\/index.php?rest_route=\/wp\/v2\/types\/post"}],"author":[{"embeddable":true,"href":"https:\/\/diarioregionaldigital.com.br\/index.php?rest_route=\/wp\/v2\/users\/96"}],"replies":[{"embeddable":true,"href":"https:\/\/diarioregionaldigital.com.br\/index.php?rest_route=%2Fwp%2Fv2%2Fcomments&post=143790"}],"version-history":[{"count":0,"href":"https:\/\/diarioregionaldigital.com.br\/index.php?rest_route=\/wp\/v2\/posts\/143790\/revisions"}],"wp:featuredmedia":[{"embeddable":true,"href":"https:\/\/diarioregionaldigital.com.br\/index.php?rest_route=\/wp\/v2\/media\/143792"}],"wp:attachment":[{"href":"https:\/\/diarioregionaldigital.com.br\/index.php?rest_route=%2Fwp%2Fv2%2Fmedia&parent=143790"}],"wp:term":[{"taxonomy":"category","embeddable":true,"href":"https:\/\/diarioregionaldigital.com.br\/index.php?rest_route=%2Fwp%2Fv2%2Fcategories&post=143790"},{"taxonomy":"post_tag","embeddable":true,"href":"https:\/\/diarioregionaldigital.com.br\/index.php?rest_route=%2Fwp%2Fv2%2Ftags&post=143790"}],"curies":[{"name":"wp","href":"https:\/\/api.w.org\/{rel}","templated":true}]}}