{"id":143788,"date":"2019-07-12T11:18:03","date_gmt":"2019-07-12T14:18:03","guid":{"rendered":"https:\/\/diarioregionaldigital.com.br\/?p=143788"},"modified":"2019-07-12T11:18:03","modified_gmt":"2019-07-12T14:18:03","slug":"governo-so-divulgara-impacto-da-reforma-da-previdencia-apos-2-turno","status":"publish","type":"post","link":"https:\/\/diarioregionaldigital.com.br\/?p=143788","title":{"rendered":"Governo s\u00f3 divulgar\u00e1 impacto da reforma da Previd\u00eancia ap\u00f3s 2\u00b0 turno"},"content":{"rendered":"<p>O Minist\u00e9rio da Economia s\u00f3 divulgar\u00e1 a economia final da reforma da Previd\u00eancia ap\u00f3s a aprova\u00e7\u00e3o do texto final em segundo turno na C\u00e2mara dos Deputados. Em nota enviada na noite desta quinta-feira (11), a pasta informou que o processo de vota\u00e7\u00e3o dos destaques torna imposs\u00edvel a divulga\u00e7\u00e3o precisa de qualquer estimativa.<\/p>\n<p>\u201cComo uma medida pode influenciar no impacto de outras, estimativas sem o texto final n\u00e3o s\u00e3o fidedignas\u201d, explicou a Secretaria Especial de Previd\u00eancia e Trabalho.<\/p>\n<p>O texto-base do relator aprovado pela comiss\u00e3o especial da C\u00e2mara dos Deputados\u00a0previa economia\u00a0de R$ 987,5 bilh\u00f5es em dez anos. A economia seria de R$ 1,072 trilh\u00e3o, mas foi desidratada depois que os deputados derrubaram, na comiss\u00e3o especial, o fim da isen\u00e7\u00e3o de contribui\u00e7\u00f5es previdenci\u00e1rias para os exportadores rurais.<\/p>\n<p>Fonte: Ag\u00eancia Brasil<\/p>\n","protected":false},"excerpt":{"rendered":"<p>O Minist\u00e9rio da Economia s\u00f3 divulgar\u00e1 a economia final da reforma da Previd\u00eancia ap\u00f3s a aprova\u00e7\u00e3o do texto final em segundo turno na C\u00e2mara dos Deputados. Em nota enviada na noite desta quinta-feira (11), a pasta informou que o processo de vota\u00e7\u00e3o dos destaques torna imposs\u00edvel a divulga\u00e7\u00e3o precisa de qualquer estimativa. \u201cComo uma medida [&hellip;]<\/p>\n","protected":false},"author":96,"featured_media":105072,"comment_status":"closed","ping_status":"closed","sticky":false,"template":"","format":"standard","meta":{"footnotes":""},"categories":[436,261,439],"tags":[],"class_list":["post-143788","post","type-post","status-publish","format-standard","has-post-thumbnail","hentry","category-destaque-da-semana","category-economia","category-ultima-hora"],"_links":{"self":[{"href":"https:\/\/diarioregionaldigital.com.br\/index.php?rest_route=\/wp\/v2\/posts\/143788","targetHints":{"allow":["GET"]}}],"collection":[{"href":"https:\/\/diarioregionaldigital.com.br\/index.php?rest_route=\/wp\/v2\/posts"}],"about":[{"href":"https:\/\/diarioregionaldigital.com.br\/index.php?rest_route=\/wp\/v2\/types\/post"}],"author":[{"embeddable":true,"href":"https:\/\/diarioregionaldigital.com.br\/index.php?rest_route=\/wp\/v2\/users\/96"}],"replies":[{"embeddable":true,"href":"https:\/\/diarioregionaldigital.com.br\/index.php?rest_route=%2Fwp%2Fv2%2Fcomments&post=143788"}],"version-history":[{"count":0,"href":"https:\/\/diarioregionaldigital.com.br\/index.php?rest_route=\/wp\/v2\/posts\/143788\/revisions"}],"wp:featuredmedia":[{"embeddable":true,"href":"https:\/\/diarioregionaldigital.com.br\/index.php?rest_route=\/wp\/v2\/media\/105072"}],"wp:attachment":[{"href":"https:\/\/diarioregionaldigital.com.br\/index.php?rest_route=%2Fwp%2Fv2%2Fmedia&parent=143788"}],"wp:term":[{"taxonomy":"category","embeddable":true,"href":"https:\/\/diarioregionaldigital.com.br\/index.php?rest_route=%2Fwp%2Fv2%2Fcategories&post=143788"},{"taxonomy":"post_tag","embeddable":true,"href":"https:\/\/diarioregionaldigital.com.br\/index.php?rest_route=%2Fwp%2Fv2%2Ftags&post=143788"}],"curies":[{"name":"wp","href":"https:\/\/api.w.org\/{rel}","templated":true}]}}