{"id":143778,"date":"2019-07-12T10:41:00","date_gmt":"2019-07-12T13:41:00","guid":{"rendered":"https:\/\/diarioregionaldigital.com.br\/?p=143778"},"modified":"2019-07-12T10:41:00","modified_gmt":"2019-07-12T13:41:00","slug":"brasil-assume-a-presidencia-pro-tempore-do-mercosul","status":"publish","type":"post","link":"https:\/\/diarioregionaldigital.com.br\/?p=143778","title":{"rendered":"Brasil assume a presid\u00eancia pr\u00f3-tempore do Mercosul"},"content":{"rendered":"<p>Com a presen\u00e7a do presidente Jair Bolsonaro, o Brasil assumir\u00e1 a presid\u00eancia pr\u00f3-tempore (rotativa) do Mercosul no pr\u00f3ximo dia 17 , em Santa F\u00e9, Argentina, durante reuni\u00e3o dos chefes de Estado do bloco.<\/p>\n<p>A participa\u00e7\u00e3o de Bolsonaro na 54\u00aa Reuni\u00e3o do Conselho do Mercosul e pa\u00edses associado ser\u00e1 precedida por uma s\u00e9rie de reuni\u00f5es entre funcion\u00e1rios de governos e diplomatas, que discutir\u00e3o medidas para simplificar e desburocratizar as rela\u00e7\u00f5es comerciais e institucionais entre as na\u00e7\u00f5es que comp\u00f5em o pr\u00f3prio bloco e outros pa\u00edses.<\/p>\n<div class=\"dnd-widget-wrapper context-cheio_8colunas type-image\">\n<div class=\"dnd-atom-rendered\">\n<figure class=\"mejs-fotoh-wrapper\"><img decoding=\"async\" class=\"img-responsive full full\" title=\"Marcelo Camargo\/Ag\u00eancia Brasil\" src=\"http:\/\/imagens.ebc.com.br\/LxviMWvfeaXOC0gqqZrlQgZ-QR4=\/754x0\/smart\/http:\/\/agenciabrasil.ebc.com.br\/sites\/default\/files\/thumbnails\/image\/mcmgo_abr_020720195096df.jpg?itok=o2RZgVBs\" alt=\"O ministro das Rela\u00e7\u00f5es Exteriores, Ernesto Ara\u00fajo, durante entrevista coletiva para apresentar detalhes do acordo Mercosul-Uni\u00e3o Europeia. \" \/><\/figure>\n<\/div>\n<div class=\"dnd-caption-wrapper\">\n<div class=\"meta\"><strong>O ministro das Rela\u00e7\u00f5es Exteriores, Ernesto Ara\u00fajo &#8211;<\/strong>\u00a0<strong>Marcelo Camargo\/Ag\u00eancia Brasil<\/strong><\/div>\n<\/div>\n<\/div>\n<h2>Celebra\u00e7\u00e3o<\/h2>\n<p>Em clima de celebra\u00e7\u00e3o pelo fechamento do acordo do Mercosul com a Uni\u00e3o Europeia (UE), a delega\u00e7\u00e3o brasileira ser\u00e1 chefiada pelo chanceler Ernesto Ara\u00fajo, que participa, no dia 16, dos encontros preparat\u00f3rios da c\u00fapula.<\/p>\n<p>Em Santa F\u00e9, haver\u00e1 tamb\u00e9m reuni\u00f5es preparat\u00f3rias nos dias 14 e 15 de julho, com reuni\u00e3o da comiss\u00e3o de com\u00e9rcio do Mercosul e uma discuss\u00e3o sobre o funcionamento de um mercado comum.<\/p>\n<p>Na presid\u00eancia do Mercosul, a delega\u00e7\u00e3o brasileira pretende aprofundar as provid\u00eancias adotadas pela Argentina, pa\u00eds que \u00e9 o atual l\u00edder pr\u00f3-tempore do bloco e que, nessa condi\u00e7\u00e3o, presidiu com \u00eaxito as negocia\u00e7\u00f5es com a Uni\u00e3o Europeia.<\/p>\n<div class=\"dnd-widget-wrapper context-cheio_8colunas type-image\">\n<div class=\"dnd-atom-rendered\">\n<figure class=\"mejs-fotoh-wrapper\"><img decoding=\"async\" class=\"img-responsive full full\" title=\"Minist\u00e9rio das Rela\u00e7\u00f5es Exteriores\" src=\"http:\/\/imagens.ebc.com.br\/ABQD2-_6qXE2c5ITzHIX-3VoDak=\/754x0\/smart\/http:\/\/agenciabrasil.ebc.com.br\/sites\/default\/files\/thumbnails\/image\/dsc1815_mercosul-ue-2.jpg?itok=UMEPnnuD\" alt=\"Delega\u00e7\u00e3o brasileira em Bruxelas para o fechamento do acordo de livre com\u00e9rcio entre Mercosul e Uni\u00e3o Europeia\" \/><\/figure>\n<\/div>\n<div class=\"dnd-caption-wrapper\">\n<div class=\"meta\"><strong>Delega\u00e7\u00e3o brasileira em Bruxelas para o fechamento do acordo de livre com\u00e9rcio entre Mercosul e Uni\u00e3o Europeia &#8211; Minist\u00e9rio das Rela\u00e7\u00f5es Exteriores<\/strong><\/div>\n<\/div>\n<\/div>\n<h2>Simplifica\u00e7\u00e3o<\/h2>\n<p>Atualmente, no \u00e2mbito do Mercosul, existem mais de 200 \u00f3rg\u00e3os, conselhos e comiss\u00f5es, fator que pressiona os or\u00e7amentos do Brasil, Paraguai, Argentina e Uruguai, pa\u00edses que comp\u00f5em o bloco.<\/p>\n<p>Sob a presid\u00eancia pr\u00f3-tempore do Brasil, os membros do Mercosul v\u00e3o checar o funcionamento e o objetivo de cada \u00f3rg\u00e3o ou conselho, que ser\u00e3o extintos, se houver comprova\u00e7\u00e3o de que n\u00e3o t\u00eam utilidade pr\u00e1tica.<\/p>\n<h2>Tarifa Externa Comum<\/h2>\n<p>Segundo integrantes da delega\u00e7\u00e3o brasileira, o Brasil vai trabalhar para reduzir as Tarifas Externas Comuns (TECs), que s\u00e3o aplicadas na comercializa\u00e7\u00e3o de produtos entre os membros do bloco. As TECs foram criadas no in\u00edcio do Mercosul para proteger a ind\u00fastria de cada pa\u00eds e, dessa forma, evitar o monop\u00f3lio da produ\u00e7\u00e3o. Com o tempo, por\u00e9m, as TECs contribu\u00edram para que o Mercosul se transformasse em um bloco de pa\u00edses fechados e avessos ao com\u00e9rcio mundial.<\/p>\n<p>O fechamento do acordo com a UE vai proporcionar, segundo a delega\u00e7\u00e3o brasileira, que essas tarifas sejam reduzidas para que o com\u00e9rcio na regi\u00e3o se iguale \u00e0s condi\u00e7\u00f5es do bloco europeu.<\/p>\n<p>Fonte: Ag\u00eancia Brasil<\/p>\n","protected":false},"excerpt":{"rendered":"<p>Com a presen\u00e7a do presidente Jair Bolsonaro, o Brasil assumir\u00e1 a presid\u00eancia pr\u00f3-tempore (rotativa) do Mercosul no pr\u00f3ximo dia 17 , em Santa F\u00e9, Argentina, durante reuni\u00e3o dos chefes de Estado do bloco. A participa\u00e7\u00e3o de Bolsonaro na 54\u00aa Reuni\u00e3o do Conselho do Mercosul e pa\u00edses associado ser\u00e1 precedida por uma s\u00e9rie de reuni\u00f5es entre [&hellip;]<\/p>\n","protected":false},"author":96,"featured_media":143779,"comment_status":"closed","ping_status":"closed","sticky":false,"template":"","format":"standard","meta":{"footnotes":""},"categories":[302,436,439],"tags":[],"class_list":["post-143778","post","type-post","status-publish","format-standard","has-post-thumbnail","hentry","category-brasil-mundo","category-destaque-da-semana","category-ultima-hora"],"_links":{"self":[{"href":"https:\/\/diarioregionaldigital.com.br\/index.php?rest_route=\/wp\/v2\/posts\/143778","targetHints":{"allow":["GET"]}}],"collection":[{"href":"https:\/\/diarioregionaldigital.com.br\/index.php?rest_route=\/wp\/v2\/posts"}],"about":[{"href":"https:\/\/diarioregionaldigital.com.br\/index.php?rest_route=\/wp\/v2\/types\/post"}],"author":[{"embeddable":true,"href":"https:\/\/diarioregionaldigital.com.br\/index.php?rest_route=\/wp\/v2\/users\/96"}],"replies":[{"embeddable":true,"href":"https:\/\/diarioregionaldigital.com.br\/index.php?rest_route=%2Fwp%2Fv2%2Fcomments&post=143778"}],"version-history":[{"count":0,"href":"https:\/\/diarioregionaldigital.com.br\/index.php?rest_route=\/wp\/v2\/posts\/143778\/revisions"}],"wp:featuredmedia":[{"embeddable":true,"href":"https:\/\/diarioregionaldigital.com.br\/index.php?rest_route=\/wp\/v2\/media\/143779"}],"wp:attachment":[{"href":"https:\/\/diarioregionaldigital.com.br\/index.php?rest_route=%2Fwp%2Fv2%2Fmedia&parent=143778"}],"wp:term":[{"taxonomy":"category","embeddable":true,"href":"https:\/\/diarioregionaldigital.com.br\/index.php?rest_route=%2Fwp%2Fv2%2Fcategories&post=143778"},{"taxonomy":"post_tag","embeddable":true,"href":"https:\/\/diarioregionaldigital.com.br\/index.php?rest_route=%2Fwp%2Fv2%2Ftags&post=143778"}],"curies":[{"name":"wp","href":"https:\/\/api.w.org\/{rel}","templated":true}]}}