{"id":143747,"date":"2019-07-12T06:00:50","date_gmt":"2019-07-12T09:00:50","guid":{"rendered":"https:\/\/diarioregionaldigital.com.br\/?p=143747"},"modified":"2019-07-11T19:45:26","modified_gmt":"2019-07-11T22:45:26","slug":"diario-regional-celebra-25-anos-de-jornalismo","status":"publish","type":"post","link":"https:\/\/diarioregionaldigital.com.br\/?p=143747","title":{"rendered":"Di\u00e1rio Regional celebra 25 anos de jornalismo"},"content":{"rendered":"<p>Na manh\u00e3 do dia 12 de julho de 1994, a edi\u00e7\u00e3o de n\u00famero 1 do Di\u00e1rio Regional era entregue \u00e0s bancas de Juiz de Fora dando in\u00edcio \u00e0 hist\u00f3ria do jornal. Esta data marcou o in\u00edcio da grande trajet\u00f3ria deste jornal impressoque nasceu do sonho e idealiza\u00e7\u00e3o dos projetos do professor Josino Arag\u00e3o.\u201cAt\u00e9 que enfim, chegamos nas bancas e agradecemos a Deus por este momento feliz, de poder trazer at\u00e9 voc\u00ea o nosso DI\u00c1RIO REGIONAL. Nosso porque, a partir de hoje, esperamos que voc\u00ea esteja sempre conosco, ajudando a fazer um jornal totalmente regional, colaborando com artigos, cr\u00f4nicas, sugest\u00f5es e principalmente cr\u00edticas contra e a favor, porque o importante daqui para frente \u00e9 estarmos juntos&#8230;\u201d, dizia Josino.<\/p>\n<p>Na Rua Oscar Vidal, n\u00ba 416, est\u00e1 localizada a sede deste jornal. \u00c9 neste endere\u00e7o que milhares de hist\u00f3rias e not\u00edcias foram contadas e compartilhadas com os leitores. No local, em uma sala especial, in\u00fameros arquivos comprovam o trabalho \u00e1rduo de toda a equipe que faz parte dessa hist\u00f3ria e o amor e compromisso de Josino em entregar ao leitor da cidade um jornal feito com dedica\u00e7\u00e3o, profissionalismo e conte\u00fado de qualidade.<\/p>\n<p>23 anos depois, ao final de 2017, uma decis\u00e3o foi tomada pensando em sustentabilidade. A impress\u00e3o das longas p\u00e1ginas de papel formato standard chegaram ao fim. No ano seguinte, o Di\u00e1rio Regional entrou de cabe\u00e7a em sua mais nova plataforma: o ambiente digital. O material impresso passou a ser digitalizado e disponibilizado em PDF, podendo ser lido nas telas dos computadores, celulares e tablets atrav\u00e9s do novo site do jornal, o Di\u00e1rio Regional Digital, com a assinatura do conte\u00fado. Um portal leve, seguro e interativo, mantendo a ess\u00eancia e o compromisso com a verdade e profissionalismo.<\/p>\n<p>Ao longo dessa trajet\u00f3ria, excelentes profissionais passaram pela reda\u00e7\u00e3o do jornal se comprometendo em dar continuidade ao sonho do fundador, mantendo o leitor atualizado com as not\u00edcias locais, regionais e nacionais.<\/p>\n<p>Nesta sexta-feira, 12 de julho de 2019, o Di\u00e1rio Regional completa seus 25 anos de muita dedica\u00e7\u00e3o. Hoje, o jornal \u00e9 um empreendimento plenamente consolidado, formado por profissionais preparados para crescer ainda mais.<\/p>\n<p>Este \u00e9 o momento de agradecer a todos que t\u00eam trabalhado de forma direta ou indireta para o sucesso do jornal Di\u00e1rio Regional durante seus 25 anos. Agradecemos aos colaboradores atuais e anteriores, e aos colunistas que nos t\u00eam confiado a responsabilidade de avaliar seus artigos para publica\u00e7\u00e3o. Por fim, aos nossos leitores, pois esperamos poder continuar servindo aos seus interesses e oferecer o que h\u00e1 de melhor em termos de informa\u00e7\u00e3o.<\/p>\n<p><strong>EVENTO DE COMEMORA\u00c7\u00c3O<\/strong><\/p>\n<p>25 anos podem significar as bodas de prata de um casamento, um quarto de s\u00e9culo, o come\u00e7o da vida adulta, dentre muitasoutras coisas. Em 25 anos, certamente se tem muitas mem\u00f3rias para contar e ainda mais hist\u00f3rias a serem vividas.<\/p>\n<p>Nestes 25 anos quem ganha o presente s\u00e3o os leitores. Pensando sempre em crescer, compartilhando conhecimento e informa\u00e7\u00e3o, o Jornal Di\u00e1rio Regional preparou uma roda de palestras que v\u00e3o ser realizadas nos dias 16 e 17 de julho, \u00e0s 19h e \u00e0s 20h30. Os palestrantes s\u00e3o Eduardo Silveira, Ronald Platz, Rog\u00e9rio Paschoalino e Gena\u00edna Queiroz. Para se inscrever acesse o link: <a href=\"http:\/\/coworkingespacointerativo.com.br\/palestra?fbclid=IwAR0xXIdjEmWPA5l9CJ17TY6dOAyXhgKIstaUw3vELhk1faAN15TRIx2wpmw\">http:\/\/coworkingespacointerativo.com.br\/palestra<\/a><\/p>\n\n\t\t<style type=\"text\/css\">\n\t\t\t#gallery-1 {\n\t\t\t\tmargin: auto;\n\t\t\t}\n\t\t\t#gallery-1 .gallery-item {\n\t\t\t\tfloat: left;\n\t\t\t\tmargin-top: 10px;\n\t\t\t\ttext-align: center;\n\t\t\t\twidth: 33%;\n\t\t\t}\n\t\t\t#gallery-1 img {\n\t\t\t\tborder: 2px solid #cfcfcf;\n\t\t\t}\n\t\t\t#gallery-1 .gallery-caption {\n\t\t\t\tmargin-left: 0;\n\t\t\t}\n\t\t\t\/* see gallery_shortcode() in wp-includes\/media.php *\/\n\t\t<\/style>\n\t\t<div id='gallery-1' class='gallery galleryid-143747 gallery-columns-3 gallery-size-thumbnail'><dl class='gallery-item'>\n\t\t\t<dt class='gallery-icon landscape'>\n\t\t\t\t<a href='https:\/\/diarioregionaldigital.com.br\/?attachment_id=143748'><img loading=\"lazy\" decoding=\"async\" width=\"150\" height=\"150\" src=\"https:\/\/diarioregionaldigital.com.br\/wp-content\/uploads\/2019\/07\/01-1-150x150.jpg\" class=\"attachment-thumbnail size-thumbnail\" alt=\"\" aria-describedby=\"gallery-1-143748\" srcset=\"https:\/\/diarioregionaldigital.com.br\/wp-content\/uploads\/2019\/07\/01-1-150x150.jpg 150w, https:\/\/diarioregionaldigital.com.br\/wp-content\/uploads\/2019\/07\/01-1-180x180.jpg 180w, https:\/\/diarioregionaldigital.com.br\/wp-content\/uploads\/2019\/07\/01-1-300x300.jpg 300w, https:\/\/diarioregionaldigital.com.br\/wp-content\/uploads\/2019\/07\/01-1-600x600.jpg 600w, https:\/\/diarioregionaldigital.com.br\/wp-content\/uploads\/2019\/07\/01-1-120x120.jpg 120w, https:\/\/diarioregionaldigital.com.br\/wp-content\/uploads\/2019\/07\/01-1-80x80.jpg 80w\" sizes=\"auto, (max-width: 150px) 100vw, 150px\" \/><\/a>\n\t\t\t<\/dt>\n\t\t\t\t<dd class='wp-caption-text gallery-caption' id='gallery-1-143748'>\n\t\t\t\tS\u00e3o 25 anos levando conte\u00fado para os leitores de Juiz de Fora e regi\u00e3o. Foto: Arquivo\/J\u00e9ssica Pereira\n\t\t\t\t<\/dd><\/dl><dl class='gallery-item'>\n\t\t\t<dt class='gallery-icon landscape'>\n\t\t\t\t<a href='https:\/\/diarioregionaldigital.com.br\/?attachment_id=143749'><img loading=\"lazy\" decoding=\"async\" width=\"150\" height=\"150\" src=\"https:\/\/diarioregionaldigital.com.br\/wp-content\/uploads\/2019\/07\/03-1-150x150.jpg\" class=\"attachment-thumbnail size-thumbnail\" alt=\"\" aria-describedby=\"gallery-1-143749\" srcset=\"https:\/\/diarioregionaldigital.com.br\/wp-content\/uploads\/2019\/07\/03-1-150x150.jpg 150w, https:\/\/diarioregionaldigital.com.br\/wp-content\/uploads\/2019\/07\/03-1-180x180.jpg 180w, https:\/\/diarioregionaldigital.com.br\/wp-content\/uploads\/2019\/07\/03-1-300x300.jpg 300w, https:\/\/diarioregionaldigital.com.br\/wp-content\/uploads\/2019\/07\/03-1-600x600.jpg 600w, https:\/\/diarioregionaldigital.com.br\/wp-content\/uploads\/2019\/07\/03-1-120x120.jpg 120w, https:\/\/diarioregionaldigital.com.br\/wp-content\/uploads\/2019\/07\/03-1-80x80.jpg 80w\" sizes=\"auto, (max-width: 150px) 100vw, 150px\" \/><\/a>\n\t\t\t<\/dt>\n\t\t\t\t<dd class='wp-caption-text gallery-caption' id='gallery-1-143749'>\n\t\t\t\tFoto: Arquivo\/J\u00e9ssica Pereira\n\t\t\t\t<\/dd><\/dl><dl class='gallery-item'>\n\t\t\t<dt class='gallery-icon landscape'>\n\t\t\t\t<a href='https:\/\/diarioregionaldigital.com.br\/?attachment_id=143750'><img loading=\"lazy\" decoding=\"async\" width=\"150\" height=\"150\" src=\"https:\/\/diarioregionaldigital.com.br\/wp-content\/uploads\/2019\/07\/FOTO-3-150x150.png\" class=\"attachment-thumbnail size-thumbnail\" alt=\"\" aria-describedby=\"gallery-1-143750\" srcset=\"https:\/\/diarioregionaldigital.com.br\/wp-content\/uploads\/2019\/07\/FOTO-3-150x150.png 150w, https:\/\/diarioregionaldigital.com.br\/wp-content\/uploads\/2019\/07\/FOTO-3-180x180.png 180w, https:\/\/diarioregionaldigital.com.br\/wp-content\/uploads\/2019\/07\/FOTO-3-300x300.png 300w, https:\/\/diarioregionaldigital.com.br\/wp-content\/uploads\/2019\/07\/FOTO-3-120x120.png 120w, https:\/\/diarioregionaldigital.com.br\/wp-content\/uploads\/2019\/07\/FOTO-3-80x80.png 80w\" sizes=\"auto, (max-width: 150px) 100vw, 150px\" \/><\/a>\n\t\t\t<\/dt>\n\t\t\t\t<dd class='wp-caption-text gallery-caption' id='gallery-1-143750'>\n\t\t\t\tFoto: Arquivo\/J\u00e9ssica Pereira\n\t\t\t\t<\/dd><\/dl><br style=\"clear: both\" \/><dl class='gallery-item'>\n\t\t\t<dt class='gallery-icon landscape'>\n\t\t\t\t<a href='https:\/\/diarioregionaldigital.com.br\/?attachment_id=143751'><img loading=\"lazy\" decoding=\"async\" width=\"150\" height=\"150\" src=\"https:\/\/diarioregionaldigital.com.br\/wp-content\/uploads\/2019\/07\/J\u00e9ssica-12-150x150.jpg\" class=\"attachment-thumbnail size-thumbnail\" alt=\"\" aria-describedby=\"gallery-1-143751\" srcset=\"https:\/\/diarioregionaldigital.com.br\/wp-content\/uploads\/2019\/07\/J\u00e9ssica-12-150x150.jpg 150w, https:\/\/diarioregionaldigital.com.br\/wp-content\/uploads\/2019\/07\/J\u00e9ssica-12-180x180.jpg 180w, https:\/\/diarioregionaldigital.com.br\/wp-content\/uploads\/2019\/07\/J\u00e9ssica-12-300x300.jpg 300w, https:\/\/diarioregionaldigital.com.br\/wp-content\/uploads\/2019\/07\/J\u00e9ssica-12-600x600.jpg 600w, https:\/\/diarioregionaldigital.com.br\/wp-content\/uploads\/2019\/07\/J\u00e9ssica-12-120x120.jpg 120w, https:\/\/diarioregionaldigital.com.br\/wp-content\/uploads\/2019\/07\/J\u00e9ssica-12-80x80.jpg 80w\" sizes=\"auto, (max-width: 150px) 100vw, 150px\" \/><\/a>\n\t\t\t<\/dt>\n\t\t\t\t<dd class='wp-caption-text gallery-caption' id='gallery-1-143751'>\n\t\t\t\tFoto: Arquivo\/J\u00e9ssica Pereira\n\t\t\t\t<\/dd><\/dl><dl class='gallery-item'>\n\t\t\t<dt class='gallery-icon landscape'>\n\t\t\t\t<a href='https:\/\/diarioregionaldigital.com.br\/?attachment_id=143752'><img loading=\"lazy\" decoding=\"async\" width=\"150\" height=\"150\" src=\"https:\/\/diarioregionaldigital.com.br\/wp-content\/uploads\/2019\/07\/J\u00e9ssica-13-150x150.jpg\" class=\"attachment-thumbnail size-thumbnail\" alt=\"\" aria-describedby=\"gallery-1-143752\" srcset=\"https:\/\/diarioregionaldigital.com.br\/wp-content\/uploads\/2019\/07\/J\u00e9ssica-13-150x150.jpg 150w, https:\/\/diarioregionaldigital.com.br\/wp-content\/uploads\/2019\/07\/J\u00e9ssica-13-180x180.jpg 180w, https:\/\/diarioregionaldigital.com.br\/wp-content\/uploads\/2019\/07\/J\u00e9ssica-13-300x300.jpg 300w, https:\/\/diarioregionaldigital.com.br\/wp-content\/uploads\/2019\/07\/J\u00e9ssica-13-600x600.jpg 600w, https:\/\/diarioregionaldigital.com.br\/wp-content\/uploads\/2019\/07\/J\u00e9ssica-13-120x120.jpg 120w, https:\/\/diarioregionaldigital.com.br\/wp-content\/uploads\/2019\/07\/J\u00e9ssica-13-80x80.jpg 80w\" sizes=\"auto, (max-width: 150px) 100vw, 150px\" \/><\/a>\n\t\t\t<\/dt>\n\t\t\t\t<dd class='wp-caption-text gallery-caption' id='gallery-1-143752'>\n\t\t\t\tFoto: Arquivo\/J\u00e9ssica Pereira\n\t\t\t\t<\/dd><\/dl><dl class='gallery-item'>\n\t\t\t<dt class='gallery-icon landscape'>\n\t\t\t\t<a href='https:\/\/diarioregionaldigital.com.br\/?attachment_id=143753'><img loading=\"lazy\" decoding=\"async\" width=\"150\" height=\"150\" src=\"https:\/\/diarioregionaldigital.com.br\/wp-content\/uploads\/2019\/07\/J\u00e9ssica-16-150x150.jpg\" class=\"attachment-thumbnail size-thumbnail\" alt=\"\" aria-describedby=\"gallery-1-143753\" srcset=\"https:\/\/diarioregionaldigital.com.br\/wp-content\/uploads\/2019\/07\/J\u00e9ssica-16-150x150.jpg 150w, https:\/\/diarioregionaldigital.com.br\/wp-content\/uploads\/2019\/07\/J\u00e9ssica-16-180x180.jpg 180w, https:\/\/diarioregionaldigital.com.br\/wp-content\/uploads\/2019\/07\/J\u00e9ssica-16-300x300.jpg 300w, https:\/\/diarioregionaldigital.com.br\/wp-content\/uploads\/2019\/07\/J\u00e9ssica-16-600x600.jpg 600w, https:\/\/diarioregionaldigital.com.br\/wp-content\/uploads\/2019\/07\/J\u00e9ssica-16-120x120.jpg 120w, https:\/\/diarioregionaldigital.com.br\/wp-content\/uploads\/2019\/07\/J\u00e9ssica-16-80x80.jpg 80w\" sizes=\"auto, (max-width: 150px) 100vw, 150px\" \/><\/a>\n\t\t\t<\/dt>\n\t\t\t\t<dd class='wp-caption-text gallery-caption' id='gallery-1-143753'>\n\t\t\t\tFoto: Arquivo\/J\u00e9ssica Pereira\n\t\t\t\t<\/dd><\/dl><br style=\"clear: both\" \/>\n\t\t<\/div>\n\n","protected":false},"excerpt":{"rendered":"<p>Na manh\u00e3 do dia 12 de julho de 1994, a edi\u00e7\u00e3o de n\u00famero 1 do Di\u00e1rio Regional era entregue \u00e0s bancas de Juiz de Fora dando in\u00edcio \u00e0 hist\u00f3ria do jornal. Esta data marcou o in\u00edcio da grande trajet\u00f3ria deste jornal impressoque nasceu do sonho e idealiza\u00e7\u00e3o dos projetos do professor Josino Arag\u00e3o.\u201cAt\u00e9 que enfim, [&hellip;]<\/p>\n","protected":false},"author":96,"featured_media":143748,"comment_status":"closed","ping_status":"closed","sticky":false,"template":"","format":"standard","meta":{"footnotes":""},"categories":[253,436,440,439],"tags":[],"class_list":["post-143747","post","type-post","status-publish","format-standard","has-post-thumbnail","hentry","category-cidade","category-destaque-da-semana","category-destaques-do-dia","category-ultima-hora"],"_links":{"self":[{"href":"https:\/\/diarioregionaldigital.com.br\/index.php?rest_route=\/wp\/v2\/posts\/143747","targetHints":{"allow":["GET"]}}],"collection":[{"href":"https:\/\/diarioregionaldigital.com.br\/index.php?rest_route=\/wp\/v2\/posts"}],"about":[{"href":"https:\/\/diarioregionaldigital.com.br\/index.php?rest_route=\/wp\/v2\/types\/post"}],"author":[{"embeddable":true,"href":"https:\/\/diarioregionaldigital.com.br\/index.php?rest_route=\/wp\/v2\/users\/96"}],"replies":[{"embeddable":true,"href":"https:\/\/diarioregionaldigital.com.br\/index.php?rest_route=%2Fwp%2Fv2%2Fcomments&post=143747"}],"version-history":[{"count":0,"href":"https:\/\/diarioregionaldigital.com.br\/index.php?rest_route=\/wp\/v2\/posts\/143747\/revisions"}],"wp:featuredmedia":[{"embeddable":true,"href":"https:\/\/diarioregionaldigital.com.br\/index.php?rest_route=\/wp\/v2\/media\/143748"}],"wp:attachment":[{"href":"https:\/\/diarioregionaldigital.com.br\/index.php?rest_route=%2Fwp%2Fv2%2Fmedia&parent=143747"}],"wp:term":[{"taxonomy":"category","embeddable":true,"href":"https:\/\/diarioregionaldigital.com.br\/index.php?rest_route=%2Fwp%2Fv2%2Fcategories&post=143747"},{"taxonomy":"post_tag","embeddable":true,"href":"https:\/\/diarioregionaldigital.com.br\/index.php?rest_route=%2Fwp%2Fv2%2Ftags&post=143747"}],"curies":[{"name":"wp","href":"https:\/\/api.w.org\/{rel}","templated":true}]}}