{"id":143745,"date":"2019-07-14T06:00:45","date_gmt":"2019-07-14T09:00:45","guid":{"rendered":"https:\/\/diarioregionaldigital.com.br\/?p=143745"},"modified":"2019-07-11T19:49:32","modified_gmt":"2019-07-11T22:49:32","slug":"secretaria-de-saude-alerta-populacao-para-continuar-combate-a-dengue-mesmo-no-frio","status":"publish","type":"post","link":"https:\/\/diarioregionaldigital.com.br\/?p=143745","title":{"rendered":"Secretaria de Sa\u00fade alerta popula\u00e7\u00e3o para continuar combate \u00e0 dengue mesmo no frio"},"content":{"rendered":"<p>A Secretaria de Sa\u00fade (SS) da Prefeitura de Juiz de Fora (PJF) faz um alerta aos juiz-foranos para que fiquem atentos e continuem com as atividades de combate ao Aedes aegypti, vetor da dengue, Zika e chikungunya.<\/p>\n<p>Conforme a pasta, nos \u00faltimos dias o munic\u00edpio tem registrado baixas temperaturas e apesar da condi\u00e7\u00e3o clim\u00e1tica, a popula\u00e7\u00e3o deve continuar com as a\u00e7\u00f5es, uma vez que o mosquito continua seu ciclo mesmo com o frio. Desta forma, a PJF permanece vigilante, dando continuidade aos trabalhos de campo com os agentes de combate a endemias (ACEs) e com as a\u00e7\u00f5es de Educa\u00e7\u00e3o em Sa\u00fade.<\/p>\n<p>Por meio da assessoria, a gerente do Departamento de Vigil\u00e2ncia Epidemiol\u00f3gica e Ambiental (Dvea), Cec\u00edlia Kosmann, pontuou que \u201cas arboviroses s\u00e3o c\u00edclicas, e a aten\u00e7\u00e3o n\u00e3o pode ser somente em per\u00edodos epid\u00eamicos. Em 2019 houve a circula\u00e7\u00e3o do sorotipo II do v\u00edrus da dengue, mais grave do que em anos anteriores. Desta forma, j\u00e1 pensando na preven\u00e7\u00e3o da doen\u00e7a para o pr\u00f3ximo ano, \u00e9 necess\u00e1rio n\u00e3o deixar a popula\u00e7\u00e3o do mosquito crescer, eliminando os focos\u201d.<\/p>\n<p>Mesmo em um per\u00edodo sem chuvas, \u00e9 essencial que cada pessoa separe no m\u00ednimo dez minutos semanais para inspecionar sua casa e eliminar qualquer poss\u00edvel criadouro do mosquito.Isto porque existem outros reservat\u00f3rios com ac\u00famulo de \u00e1gua, como caixas-d\u00b4\u00e1gua, potinhos de animais e plantas, calhas, dentre outros locais que podem ser criadouros. Cec\u00edlia lembra, ainda, que, \u201ccomo os ovos do Aedes aegypti podem sobreviver por at\u00e9 um ano sem \u00e1gua, n\u00e3o basta somente secar o ambiente atrav\u00e9s da elimina\u00e7\u00e3o da \u00e1gua. \u00c9 preciso remover os ovos, esfregando os locais com uma esponja com \u00e1gua e sab\u00e3o para esmagar e, assim, matar os ovos\u201d, disse.<\/p>\n<p>&nbsp;<\/p>\n<p><strong>Chega a 10 o n\u00famero de mortes por dengue em Juiz de Fora<\/strong><\/p>\n<p>O boletim epidemiol\u00f3gico divulgado pela Secretaria de Estado de Sa\u00fade de Minas Gerais (SES-MG) no \u00faltimo dia 2 de julho confirmou mais tr\u00eas mortes por dengue em Juiz de Fora. Com os dados do novo balan\u00e7o, a cidade j\u00e1 contabiliza 10 mortes pela doen\u00e7a.<\/p>\n<p>De acordo com a SES-MG, em Minas Gerais, foram confirmados 98 \u00f3bitos por dengue. Ao todo, s\u00e3o 137 \u00f3bitos em investiga\u00e7\u00e3o para dengue. Com isso, Minas Gerais est\u00e1 em situa\u00e7\u00e3o de alerta para esse aumento no n\u00famero de casos das doen\u00e7as transmitidas pelo Aedes aegypti. Juiz de Fora est\u00e1 entre as cidades com os maiores registros de mortes pela doen\u00e7a, ficando atr\u00e1s apenas de Belo Horizonte, Betim e Uberl\u00e2ndia.<\/p>\n<p>Em 2019, em todo o Estado, foram registrados mais de400 mil casos prov\u00e1veis (casos confirmados + suspeitos) de dengue, sendo. A SES-MG ressalta que os \u00f3bitos em quest\u00e3o foram notificados ao longo de 2019 e n\u00e3o s\u00e3o, necessariamente, \u00f3bitos recentes.<\/p>\n","protected":false},"excerpt":{"rendered":"<p>A Secretaria de Sa\u00fade (SS) da Prefeitura de Juiz de Fora (PJF) faz um alerta aos juiz-foranos para que fiquem atentos e continuem com as atividades de combate ao Aedes aegypti, vetor da dengue, Zika e chikungunya. Conforme a pasta, nos \u00faltimos dias o munic\u00edpio tem registrado baixas temperaturas e apesar da condi\u00e7\u00e3o clim\u00e1tica, a [&hellip;]<\/p>\n","protected":false},"author":96,"featured_media":143762,"comment_status":"closed","ping_status":"closed","sticky":false,"template":"","format":"standard","meta":{"footnotes":""},"categories":[253,436,440,439],"tags":[],"class_list":["post-143745","post","type-post","status-publish","format-standard","has-post-thumbnail","hentry","category-cidade","category-destaque-da-semana","category-destaques-do-dia","category-ultima-hora"],"_links":{"self":[{"href":"https:\/\/diarioregionaldigital.com.br\/index.php?rest_route=\/wp\/v2\/posts\/143745","targetHints":{"allow":["GET"]}}],"collection":[{"href":"https:\/\/diarioregionaldigital.com.br\/index.php?rest_route=\/wp\/v2\/posts"}],"about":[{"href":"https:\/\/diarioregionaldigital.com.br\/index.php?rest_route=\/wp\/v2\/types\/post"}],"author":[{"embeddable":true,"href":"https:\/\/diarioregionaldigital.com.br\/index.php?rest_route=\/wp\/v2\/users\/96"}],"replies":[{"embeddable":true,"href":"https:\/\/diarioregionaldigital.com.br\/index.php?rest_route=%2Fwp%2Fv2%2Fcomments&post=143745"}],"version-history":[{"count":0,"href":"https:\/\/diarioregionaldigital.com.br\/index.php?rest_route=\/wp\/v2\/posts\/143745\/revisions"}],"wp:featuredmedia":[{"embeddable":true,"href":"https:\/\/diarioregionaldigital.com.br\/index.php?rest_route=\/wp\/v2\/media\/143762"}],"wp:attachment":[{"href":"https:\/\/diarioregionaldigital.com.br\/index.php?rest_route=%2Fwp%2Fv2%2Fmedia&parent=143745"}],"wp:term":[{"taxonomy":"category","embeddable":true,"href":"https:\/\/diarioregionaldigital.com.br\/index.php?rest_route=%2Fwp%2Fv2%2Fcategories&post=143745"},{"taxonomy":"post_tag","embeddable":true,"href":"https:\/\/diarioregionaldigital.com.br\/index.php?rest_route=%2Fwp%2Fv2%2Ftags&post=143745"}],"curies":[{"name":"wp","href":"https:\/\/api.w.org\/{rel}","templated":true}]}}