{"id":143735,"date":"2019-07-14T06:00:07","date_gmt":"2019-07-14T09:00:07","guid":{"rendered":"https:\/\/diarioregionaldigital.com.br\/?p=143735"},"modified":"2019-07-11T19:32:16","modified_gmt":"2019-07-11T22:32:16","slug":"mps-de-auxilio-a-brumadinho-perdem-validade-mas-recursos-estao-liberados","status":"publish","type":"post","link":"https:\/\/diarioregionaldigital.com.br\/?p=143735","title":{"rendered":"MPs de aux\u00edlio a Brumadinho perdem validade, mas recursos est\u00e3o liberados"},"content":{"rendered":"<div id=\"boxLateralMateria\" class=\"col-md-3 hidden-xs u-noPrint\">\n<aside role=\"complementary\">\n<div class=\"saiba-mais\">\n<div class=\"painel painel-base painel-links\">\n<div class=\"painel-cabecalho\"><\/div>\n<div class=\"painel-corpo\">\n<p>Duas medidas provis\u00f3rias que criaram aux\u00edlio emergencial para atender v\u00edtimas da trag\u00e9dia de Brumadinho (MG) perderam a validade esta semana. As\u00a0MPs<a class=\"external-link\" href=\"http:\/\/www.congressonacional.leg.br\/materias\/medidas-provisorias\/-\/mpv\/135615\">\u00a0874<\/a>\u00a0e\u00a0<a class=\"external-link\" href=\"http:\/\/www.congressonacional.leg.br\/materias\/medidas-provisorias\/-\/mpv\/135616\">875<\/a>de 2019, publicadas em mar\u00e7o, criaram um aux\u00edlio de R$ 600 para atender benefici\u00e1rios de tr\u00eas programas sociais que moram no munic\u00edpio e que foram atingidos pelo rompimento da barragem da mineradora Vale no dia 25 de janeiro. Na trag\u00e9dia morreram 228 pessoas.<\/p>\n<\/div>\n<\/div>\n<\/div>\n<\/aside>\n<\/div>\n<div id=\"textoMateria\">\n<p>Como ao ser editada pelo governo a MP j\u00e1 tem for\u00e7a de lei, os recursos j\u00e1 foram liberados \u00e0s fam\u00edlias.<\/p>\n<p>O Aux\u00edlio Emergencial Pecuni\u00e1rio Assistencial pago em parcela \u00fanica atende os participantes do Bolsa Fam\u00edlia, do Benef\u00edcio da Presta\u00e7\u00e3o Continuada (BPC) e da Renda Mensal Vital\u00edcia (RMV). Estes dois \u00faltimos programas atendem idosos e pessoas com defici\u00eancia de baixa renda.<\/p>\n<p>A MP 875\/19 institui o Aux\u00edlio Emergencial, enquanto a MP 874\/19 libera um\u00a0cr\u00e9dito extraordin\u00e1rio de R$ 1,368 milh\u00e3o para o Minist\u00e9rio da Cidadania, respons\u00e1vel pela concess\u00e3o do novo benef\u00edcio. Para viabilizar o pagamento do aux\u00edlio, e n\u00e3o afetar as metas fiscais, a MP 874 promove um corte de igual valor no custeio do minist\u00e9rio.<\/p>\n<p>De acordo com a MP 875, os participantes do programa Bolsa Fam\u00edlia recebem o Aux\u00edlio Emergencial pela Caixa Econ\u00f4mica Federal. No caso do BPC e da RMV, o atendimento \u00e9 feito pelo Instituto Nacional do Seguro Social (INSS). O aux\u00edlio de R$ 600 ser\u00e1 pago por benef\u00edcio. Ou seja, uma fam\u00edlia com dois benefici\u00e1rios recebe R$ 1.200.<\/p>\n<h3><strong>Empresas<\/strong><\/h3>\n<p>Tamb\u00e9m perdeu a validade na quinta-feira (11), a medida provis\u00f3ria (MP)\u00a0<a class=\"external-link\" href=\"http:\/\/www.congressonacional.leg.br\/materias\/medidas-provisorias\/-\/mpv\/135693\">876\/2019<\/a>\u00a0que previa o registro autom\u00e1tico de empresas nas juntas comerciais como forma de desburocratizar o processo de abertura de novos empreendimentos.<\/p>\n<p>A mat\u00e9ria foi aprovada na comiss\u00e3o mista na forma de projeto de lei de convers\u00e3o e aguardava vota\u00e7\u00e3o no Plen\u00e1rio da C\u00e2mara. O parecer tamb\u00e9m previa a altera\u00e7\u00e3o e a extin\u00e7\u00e3o autom\u00e1ticos de firmas constitu\u00eddas como Empres\u00e1rio Individual, Empresa Individual de Responsabilidade Limitada (Eireli) e Sociedade Limitada (Ltda).<\/p>\n<\/div>\n<p>Fonte: Ag\u00eancia Senado<\/p>\n","protected":false},"excerpt":{"rendered":"<p>Duas medidas provis\u00f3rias que criaram aux\u00edlio emergencial para atender v\u00edtimas da trag\u00e9dia de Brumadinho (MG) perderam a validade esta semana. As\u00a0MPs\u00a0874\u00a0e\u00a0875de 2019, publicadas em mar\u00e7o, criaram um aux\u00edlio de R$ 600 para atender benefici\u00e1rios de tr\u00eas programas sociais que moram no munic\u00edpio e que foram atingidos pelo rompimento da barragem da mineradora Vale no dia [&hellip;]<\/p>\n","protected":false},"author":96,"featured_media":143739,"comment_status":"closed","ping_status":"closed","sticky":false,"template":"","format":"standard","meta":{"footnotes":""},"categories":[436,254,439],"tags":[],"class_list":["post-143735","post","type-post","status-publish","format-standard","has-post-thumbnail","hentry","category-destaque-da-semana","category-politica","category-ultima-hora"],"_links":{"self":[{"href":"https:\/\/diarioregionaldigital.com.br\/index.php?rest_route=\/wp\/v2\/posts\/143735","targetHints":{"allow":["GET"]}}],"collection":[{"href":"https:\/\/diarioregionaldigital.com.br\/index.php?rest_route=\/wp\/v2\/posts"}],"about":[{"href":"https:\/\/diarioregionaldigital.com.br\/index.php?rest_route=\/wp\/v2\/types\/post"}],"author":[{"embeddable":true,"href":"https:\/\/diarioregionaldigital.com.br\/index.php?rest_route=\/wp\/v2\/users\/96"}],"replies":[{"embeddable":true,"href":"https:\/\/diarioregionaldigital.com.br\/index.php?rest_route=%2Fwp%2Fv2%2Fcomments&post=143735"}],"version-history":[{"count":0,"href":"https:\/\/diarioregionaldigital.com.br\/index.php?rest_route=\/wp\/v2\/posts\/143735\/revisions"}],"wp:featuredmedia":[{"embeddable":true,"href":"https:\/\/diarioregionaldigital.com.br\/index.php?rest_route=\/wp\/v2\/media\/143739"}],"wp:attachment":[{"href":"https:\/\/diarioregionaldigital.com.br\/index.php?rest_route=%2Fwp%2Fv2%2Fmedia&parent=143735"}],"wp:term":[{"taxonomy":"category","embeddable":true,"href":"https:\/\/diarioregionaldigital.com.br\/index.php?rest_route=%2Fwp%2Fv2%2Fcategories&post=143735"},{"taxonomy":"post_tag","embeddable":true,"href":"https:\/\/diarioregionaldigital.com.br\/index.php?rest_route=%2Fwp%2Fv2%2Ftags&post=143735"}],"curies":[{"name":"wp","href":"https:\/\/api.w.org\/{rel}","templated":true}]}}