{"id":143731,"date":"2019-07-12T06:00:40","date_gmt":"2019-07-12T09:00:40","guid":{"rendered":"https:\/\/diarioregionaldigital.com.br\/?p=143731"},"modified":"2019-07-13T16:28:24","modified_gmt":"2019-07-13T19:28:24","slug":"prefeitura-municipal-de-tocantins-licitacao-no005-12-07-19","status":"publish","type":"post","link":"https:\/\/diarioregionaldigital.com.br\/?p=143731","title":{"rendered":"Prefeitura Municipal de Tocantins &#8211; Licita\u00e7\u00e3o n\u00ba005 &#8211; 12\/07\/19"},"content":{"rendered":"<p style=\"text-align: center;\"><strong>PREFEITURA MUNICIPAL DE TOCANTINS<\/strong><\/p>\n<p style=\"text-align: center;\"><strong>EXTRATO PARA PUBLICA\u00c7\u00c3O<\/strong><\/p>\n<p style=\"text-align: center;\">O Prefeito Municipal de Tocantins-MG torna p\u00fablico que ratificou o processo n\u00ba 064\/2019, Inexigibilidade de Licita\u00e7\u00e3o n\u00ba 005\/2019, que teve como objeto a contrata\u00e7\u00e3o da empresa BANDA LEX LUTHOR PRODU\u00c7\u00c3O DE EVENTOS EIRELI, CNPJ n\u00ba 07.211.748\/0001-82, exclusivo dos Artistas\/Banda: LEX LUTHOR ao valor global de R$ 31.000,00 (Trinta e um mil reais), para abrilhantar o evento cultural a ser promovido pela Secretaria Municipal de Educa\u00e7\u00e3o e Cultura denominado\u00a0<strong>\u201c49\u00aa Semana do Tocantinense Ausente\u201d<\/strong>\u00a0que dever\u00e1 acontecer entre os dias 25 a 28 de julho de 2019 no parque de exposi\u00e7\u00f5es do Munic\u00edpio de Tocantins-MG. O prazo para de vig\u00eancia dos contratos ser\u00e1 at\u00e9 o t\u00e9rmino final das obriga\u00e7\u00f5es contra\u00eddas pelas partes<\/p>\n<p style=\"text-align: center;\">Tocantins (MG), 05 de julho de 2019.<\/p>\n<p style=\"text-align: center;\"><strong>____________________________________<\/strong><\/p>\n<p style=\"text-align: center;\"><strong>IEDER WASHINGTON DE OLIVEIRA<\/strong><\/p>\n<p style=\"text-align: center;\"><strong>Prefeito Municipal<\/strong><\/p>\n","protected":false},"excerpt":{"rendered":"<p>PREFEITURA MUNICIPAL DE TOCANTINS EXTRATO PARA PUBLICA\u00c7\u00c3O O Prefeito Municipal de Tocantins-MG torna p\u00fablico que ratificou o processo n\u00ba 064\/2019, Inexigibilidade de Licita\u00e7\u00e3o n\u00ba 005\/2019, que teve como objeto a contrata\u00e7\u00e3o da empresa BANDA LEX LUTHOR PRODU\u00c7\u00c3O DE EVENTOS EIRELI, CNPJ n\u00ba 07.211.748\/0001-82, exclusivo dos Artistas\/Banda: LEX LUTHOR ao valor global de R$ 31.000,00 (Trinta [&hellip;]<\/p>\n","protected":false},"author":96,"featured_media":0,"comment_status":"closed","ping_status":"closed","sticky":false,"template":"","format":"standard","meta":{"footnotes":""},"categories":[307],"tags":[],"class_list":["post-143731","post","type-post","status-publish","format-standard","hentry","category-editais"],"_links":{"self":[{"href":"https:\/\/diarioregionaldigital.com.br\/index.php?rest_route=\/wp\/v2\/posts\/143731","targetHints":{"allow":["GET"]}}],"collection":[{"href":"https:\/\/diarioregionaldigital.com.br\/index.php?rest_route=\/wp\/v2\/posts"}],"about":[{"href":"https:\/\/diarioregionaldigital.com.br\/index.php?rest_route=\/wp\/v2\/types\/post"}],"author":[{"embeddable":true,"href":"https:\/\/diarioregionaldigital.com.br\/index.php?rest_route=\/wp\/v2\/users\/96"}],"replies":[{"embeddable":true,"href":"https:\/\/diarioregionaldigital.com.br\/index.php?rest_route=%2Fwp%2Fv2%2Fcomments&post=143731"}],"version-history":[{"count":0,"href":"https:\/\/diarioregionaldigital.com.br\/index.php?rest_route=\/wp\/v2\/posts\/143731\/revisions"}],"wp:attachment":[{"href":"https:\/\/diarioregionaldigital.com.br\/index.php?rest_route=%2Fwp%2Fv2%2Fmedia&parent=143731"}],"wp:term":[{"taxonomy":"category","embeddable":true,"href":"https:\/\/diarioregionaldigital.com.br\/index.php?rest_route=%2Fwp%2Fv2%2Fcategories&post=143731"},{"taxonomy":"post_tag","embeddable":true,"href":"https:\/\/diarioregionaldigital.com.br\/index.php?rest_route=%2Fwp%2Fv2%2Ftags&post=143731"}],"curies":[{"name":"wp","href":"https:\/\/api.w.org\/{rel}","templated":true}]}}